{"id":2018,"date":"2026-04-24T13:42:23","date_gmt":"2026-04-24T10:42:23","guid":{"rendered":"https:\/\/czech.canyon.eu\/blog\/?p=2018"},"modified":"2026-04-24T13:42:24","modified_gmt":"2026-04-24T10:42:24","slug":"napady-na-usporadani-pracovniho-stolu","status":"publish","type":"post","link":"https:\/\/czech.canyon.eu\/blog\/napady-na-usporadani-pracovniho-stolu\/","title":{"rendered":"N\u00e1pady na uspo\u0159\u00e1d\u00e1n\u00ed pracovn\u00edho stolu"},"content":{"rendered":"\n<h2 id=\"chytrejsi-usporadani-zacina-spravnymi-volbami\" class=\"wp-block-heading\"><strong>Chyt\u0159ej\u0161\u00ed uspo\u0159\u00e1d\u00e1n\u00ed za\u010d\u00edn\u00e1 spr\u00e1vn\u00fdmi volbami<\/strong><\/h2>\n\n\n\n<p>Pokud jste n\u011bkdy usedli ke sv\u00e9mu stolu a prvn\u00edch p\u011bt minut str\u00e1vili rozpl\u00e9t\u00e1n\u00edm kabel\u016f, hled\u00e1n\u00edm nab\u00edje\u010dky a se\u0159izov\u00e1n\u00edm \u017eidle, proto\u017ee v\u00e1s u\u017e bol\u00ed krk \u2014 nejste sami. V\u011bt\u0161ina lid\u00ed sn\u00e1\u0161\u00ed chaotick\u00fd pracovn\u00ed prostor mnohem d\u00e9le, ne\u017e by m\u011bla, ne proto, \u017ee by jim chyb\u011bl \u010das to napravit, ale proto\u017ee nen\u00ed z\u0159ejm\u00e9, kde za\u010d\u00edt. Dobr\u00e1 zpr\u00e1va je, \u017ee odpov\u011b\u010f obvykle spo\u010d\u00edv\u00e1 v hrstce dob\u0159e vybran\u00fdch dopl\u0148k\u016f a n\u011bkolika praktick\u00fdch z\u00e1sad\u00e1ch.\u00a0<\/p>\n\n\n\n<p>Kdy\u017e jsem poprv\u00e9 za\u010dal po\u0159\u00e1dn\u011b zkoumat n\u00e1pady na uspo\u0159\u00e1d\u00e1n\u00ed pracovn\u00edho stolu, o\u010dek\u00e1val jsem, \u017ee najdu rady o \u00falo\u017en\u00fdch misk\u00e1ch a ozna\u010dov\u00e1n\u00ed z\u00e1suvek. M\u00edsto toho jsem objevil mnohem zaj\u00edmav\u011bj\u0161\u00ed t\u00e9ma: jak fyzick\u00e9 uspo\u0159\u00e1d\u00e1n\u00ed va\u0161eho pracovn\u00edho prostoru p\u0159\u00edmo ovliv\u0148uje to, jak dob\u0159e mysl\u00edte, jak dlouho se dok\u00e1\u017eete soust\u0159edit a jak se va\u0161e t\u011blo c\u00edt\u00ed na konci dne. St\u016fl, kter\u00fd je uspo\u0159\u00e1dan\u00fd, nen\u00ed jen p\u0159\u00edjemn\u011bj\u0161\u00ed pro o\u010di \u2014 je p\u0159\u00edjemn\u011bj\u0161\u00ed i pro mozek, z\u00e1da a z\u00e1p\u011bst\u00ed.\u00a0<\/p>\n\n\n\n<figure class=\"wp-block-image size-full\"><img loading=\"lazy\" decoding=\"async\" width=\"850\" height=\"680\" src=\"https:\/\/czech.canyon.eu\/blog\/wp-content\/uploads\/2026\/04\/desk_charger_cable.jpg\" alt=\"Chyt\u0159ej\u0161\u00ed uspo\u0159\u00e1d\u00e1n\u00ed za\u010d\u00edn\u00e1 spr\u00e1vn\u00fdmi volbami\" class=\"wp-image-2019\" srcset=\"https:\/\/czech.canyon.eu\/blog\/wp-content\/uploads\/2026\/04\/desk_charger_cable.jpg 850w, https:\/\/czech.canyon.eu\/blog\/wp-content\/uploads\/2026\/04\/desk_charger_cable-300x240.jpg 300w, https:\/\/czech.canyon.eu\/blog\/wp-content\/uploads\/2026\/04\/desk_charger_cable-768x614.jpg 768w, https:\/\/czech.canyon.eu\/blog\/wp-content\/uploads\/2026\/04\/desk_charger_cable-390x312.jpg 390w, https:\/\/czech.canyon.eu\/blog\/wp-content\/uploads\/2026\/04\/desk_charger_cable-820x656.jpg 820w\" sizes=\"auto, (max-width: 850px) 100vw, 850px\" \/><\/figure>\n\n\n\n<p>Tento \u010dl\u00e1nek pokr\u00fdv\u00e1 kl\u00ed\u010dov\u00e9 oblasti, kter\u00e9 je t\u0159eba zv\u00e1\u017eit: chyt\u0159ej\u0161\u00ed nab\u00edjen\u00ed, ergonomick\u00e1 vstupn\u00ed za\u0159\u00edzen\u00ed, lep\u0161\u00ed nastaven\u00ed pro videohovory a fyzick\u00e9 uspo\u0159\u00e1d\u00e1n\u00ed v\u0161eho na va\u0161\u00ed plo\u0161e. Je naps\u00e1n pro lidi, kte\u0159\u00ed se k tomuto t\u00e9matu dost\u00e1vaj\u00ed poprv\u00e9 \u2014 s praktick\u00fdmi radami m\u00edsto n\u00e1kupn\u00edho seznamu.\u00a0<\/p>\n\n\n\n<h3 id=\"proc-zahlceny-povrch-vycerpava-vasi-soustredenost\" class=\"wp-block-heading\"><strong>Pro\u010d zahlcen\u00fd povrch vy\u010derp\u00e1v\u00e1 va\u0161i soust\u0159ed\u011bnost<\/strong><\/h3>\n\n\n\n<p>Spojen\u00ed mezi fyzick\u00fdm prost\u0159ed\u00edm a ment\u00e1ln\u00edm v\u00fdkonem je dob\u0159e prok\u00e1zan\u00e9. Nepo\u0159\u00e1dek na va\u0161em stole vytv\u00e1\u0159\u00ed vizu\u00e1ln\u00ed \u0161um, kter\u00fd sout\u011b\u017e\u00ed o va\u0161i pozornost, i kdy\u017e si toho nejste v\u011bdom\u011b v\u011bdomi. Poka\u017ed\u00e9, kdy\u017e va\u0161e oko spo\u010dine na zamotan\u00e9m kabelu nebo zapomenut\u00e9m lep\u00edc\u00edm pap\u00edrku, v\u00e1\u0161 mozek to zaregistruje jako nevy\u0159e\u0161enou polo\u017eku \u2014 n\u011bco, co nakonec vy\u017eaduje pozornost. Vyn\u00e1sobte to pades\u00e1ti p\u0159edm\u011bty na ru\u0161n\u00e9m stole a za\u010dnete ch\u00e1pat, pro\u010d m\u016f\u017ee \u00faklid va\u0161eho pracovn\u00edho prostoru p\u016fsobit p\u0159ekvapiv\u011b osv\u011b\u017euj\u00edc\u00edm dojmem.\u00a0<\/p>\n\n\n\n<p>Druh\u00fdm probl\u00e9mem je t\u0159en\u00ed. Kdy\u017e je v\u00e1\u0161 telefon v\u017edy n\u011bkde pod hromadou pap\u00edr\u016f, nebo mus\u00edte vym\u011b\u0148ovat kabely poka\u017ed\u00e9, kdy\u017e chcete nab\u00edt jin\u00e9 za\u0159\u00edzen\u00ed, p\u0159id\u00e1v\u00e1te do sv\u00e9ho dne mal\u00e1 p\u0159eru\u0161en\u00ed, kter\u00e1 se zdaj\u00ed b\u00fdt izolovan\u011b trivi\u00e1ln\u00ed. Ve skute\u010dnosti ka\u017ed\u00e9 z nich naru\u0161\u00ed va\u0161i koncentraci a koncentrace, kter\u00e1 byla naru\u0161ena, pot\u0159ebuje \u010das k obnoven\u00ed. C\u00edlem dob\u0159e uspo\u0159\u00e1dan\u00e9ho stolu je eliminovat tato mikro-p\u0159eru\u0161en\u00ed \u2014 ne dos\u00e1hnout n\u011bjak\u00e9ho idealizovan\u00e9ho minimalismu, ale ud\u011blat v\u011bci, kter\u00e9 d\u011bl\u00e1te pravideln\u011b, co nejplynulej\u0161\u00edmi.\u00a0<\/p>\n\n\n\n<p>Existuje tak\u00e9 \u0161ir\u0161\u00ed bod ohledn\u011b ergonomie pracovi\u0161t\u011b. \u0160patn\u00e9 dr\u017een\u00ed t\u011bla se obvykle nehl\u00e1s\u00ed dramatickou bolest\u00ed. Vkr\u00e1d\u00e1 se prost\u0159ednictv\u00edm lehce bolav\u00e9ho krku, p\u0159etrv\u00e1vaj\u00edc\u00ed bolesti v p\u0159edlokt\u00ed nebo bolesti hlavy, kter\u00e1 p\u0159ich\u00e1z\u00ed pozd\u011b odpoledne. V dob\u011b, kdy spoj\u00edte p\u0159\u00edznak s p\u0159\u00ed\u010dinou, je n\u00e1vyk \u010dasto zako\u0159en\u011bn u\u017e m\u011bs\u00edce. \u0158e\u0161en\u00ed fyzick\u00e9ho uspo\u0159\u00e1d\u00e1n\u00ed va\u0161eho stolu \u2014 v\u00fd\u0161ky monitoru, polohy kl\u00e1vesnice, designu my\u0161i \u2014 je jedna z nejvlivn\u011bj\u0161\u00edch v\u011bc\u00ed, kter\u00e9 m\u016f\u017eete ud\u011blat pro sv\u00e9 dlouhodob\u00e9 pohodl\u00ed.\u00a0<\/p>\n\n\n\n<h3 id=\"vyreseni-chaosu-s-nabijenim-jednou-provzdy\" class=\"wp-block-heading\"><strong>Vy\u0159e\u0161en\u00ed chaosu s nab\u00edjen\u00edm jednou prov\u017edy<\/strong><\/h3>\n\n\n\n<p>Pokud m\u00e1te na stole telefon, tablet, bezdr\u00e1tov\u00e1 sluch\u00e1tka, chytr\u00e9 hodinky a notebook \u2014 co\u017e je st\u00e1le b\u011b\u017en\u011bj\u0161\u00ed \u2014 pravd\u011bpodobn\u011b se pot\u00fdk\u00e1te s kabelovou situac\u00ed, kter\u00e1 vypad\u00e1 jako no\u010dn\u00ed m\u016fra spr\u00e1vy kabel\u016f. V\u00edce nab\u00edje\u010dek, v\u00edce kabel\u016f a nikdy dost port\u016f. \u0158e\u0161en\u00ed je jednodu\u0161\u0161\u00ed, ne\u017e v\u011bt\u0161ina lid\u00ed o\u010dek\u00e1v\u00e1: nab\u00edjec\u00ed stanice pro v\u00edce za\u0159\u00edzen\u00ed.<\/p>\n\n\n\n<p>Nab\u00edjec\u00ed stanice nahrazuje shluk jednotliv\u00fdch adapt\u00e9r\u016f a kabel\u016f jedinou jednotkou, kter\u00e1 zvl\u00e1dne v\u0161echno na jednom m\u00edst\u011b. V\u011bt\u0161ina modern\u00edch hub\u016f zahrnuje kombinaci USB-A port\u016f, USB-C port\u016f a \u010dasto bezdr\u00e1tovou nab\u00edjec\u00ed podlo\u017eku pro v\u00e1\u0161 telefon. N\u011bkter\u00e9 zahrnuj\u00ed podporu Power Delivery, co\u017e znamen\u00e1, \u017ee mohou nab\u00edjet notebook plnou rychlost\u00ed spolu s telefonem a p\u00e1rem sluch\u00e1tek sou\u010dasn\u011b. Stanici zapoj\u00edte jednou, polo\u017e\u00edte sv\u00e1 za\u0159\u00edzen\u00ed a st\u016fl z\u016fstane \u010dist\u00fd.\u00a0<\/p>\n\n\n\n<figure class=\"wp-block-image size-full\"><img loading=\"lazy\" decoding=\"async\" width=\"850\" height=\"680\" src=\"https:\/\/czech.canyon.eu\/blog\/wp-content\/uploads\/2026\/04\/w_charger_smartphone_earbuds_smartwatches.jpg\" alt=\"Vy\u0159e\u0161en\u00ed chaosu s nab\u00edjen\u00edm jednou prov\u017edy\" class=\"wp-image-2020\" srcset=\"https:\/\/czech.canyon.eu\/blog\/wp-content\/uploads\/2026\/04\/w_charger_smartphone_earbuds_smartwatches.jpg 850w, https:\/\/czech.canyon.eu\/blog\/wp-content\/uploads\/2026\/04\/w_charger_smartphone_earbuds_smartwatches-300x240.jpg 300w, https:\/\/czech.canyon.eu\/blog\/wp-content\/uploads\/2026\/04\/w_charger_smartphone_earbuds_smartwatches-768x614.jpg 768w, https:\/\/czech.canyon.eu\/blog\/wp-content\/uploads\/2026\/04\/w_charger_smartphone_earbuds_smartwatches-390x312.jpg 390w, https:\/\/czech.canyon.eu\/blog\/wp-content\/uploads\/2026\/04\/w_charger_smartphone_earbuds_smartwatches-820x656.jpg 820w\" sizes=\"auto, (max-width: 850px) 100vw, 850px\" \/><\/figure>\n\n\n\n<p>Rozsah stoln\u00edch za\u0159\u00edzen\u00ed, kter\u00e1 lid\u00e9 nyn\u00ed denn\u011b nos\u00ed, se zna\u010dn\u011b roz\u0161\u00ed\u0159il. Hub, kter\u00fd p\u0159ed p\u011bti lety dok\u00e1zal nab\u00edt pouze dv\u011b za\u0159\u00edzen\u00ed, u\u017e nesta\u010d\u00ed. P\u0159i v\u00fdb\u011bru stanice v\u011bnujte pozornost celkov\u00e9mu v\u00fdkonu \u2014 kombinovan\u00e9mu watt\u00e1\u017ei nap\u0159\u00ed\u010d v\u0161emi porty \u2014 a tomu, zda podporuje standardy rychl\u00e9ho nab\u00edjen\u00ed jako USB Power Delivery nebo Quick Charge. Canyon vyr\u00e1b\u00ed n\u011bkolik nab\u00edjec\u00edch hub\u016f navr\u017een\u00fdch pr\u00e1v\u011b s ohledem na tuto realitu v\u00edce za\u0159\u00edzen\u00ed, nab\u00edz\u00ed kompaktn\u00ed jednotky, kter\u00e9 zvl\u00e1dnou p\u011bt nebo \u0161est za\u0159\u00edzen\u00ed, ani\u017e by se samy staly zm\u011bt\u00ed.<\/p>\n\n\n\n<p>Krom\u011b samotn\u00e9ho nab\u00edjec\u00edho hubu hraje podp\u016frnou roli organizace kabel\u016f. Suchozipov\u00e9 p\u00e1sky, kabelov\u00e9 kan\u00e1ly pod stolem a samolepic\u00ed kabelov\u00e9 svorky jsou levn\u00e9 a vytvo\u0159\u00ed dramatick\u00fd vizu\u00e1ln\u00ed rozd\u00edl. Seskupen\u00ed kabel\u016f dohromady a jejich veden\u00ed dol\u016f po zadn\u00ed stran\u011b stolu udr\u017euje povrch bez vizu\u00e1ln\u00edho \u0161umu, kter\u00fd p\u0159isp\u00edv\u00e1 k tomu pocitu n\u00edzko\u00farov\u0148ov\u00e9ho chaosu.\u00a0<\/p>\n\n\n\n<h3 id=\"nastroje-kterych-se-vase-ruce-dotykaji-cely-den\" class=\"wp-block-heading\"><strong>N\u00e1stroje, kter\u00fdch se va\u0161e ruce dot\u00fdkaj\u00ed cel\u00fd den<\/strong><\/h3>\n\n\n\n<p>My\u0161 a kl\u00e1vesnice jsou dva kusy hardwaru, se kter\u00fdmi jsou va\u0161e ruce ve styku po v\u011bt\u0161inu pracovn\u00ed doby. Pokud zp\u016fsobuj\u00ed nepohodl\u00ed, toto nepohodl\u00ed se hromad\u00ed p\u0159es hodiny, dny a t\u00fddny. V\u011bt\u0161ina standardn\u00edch kl\u00e1vesnic a my\u0161\u00ed je funk\u010dn\u00ed \u2014 ale jsou navr\u017eeny pro jednoduchost a n\u00edzk\u00e9 n\u00e1klady, nikoli pro anatomii va\u0161\u00ed ruky a p\u0159edlokt\u00ed.\u00a0<\/p>\n\n\n\n<p>Ergonomick\u00e1 my\u0161 je tvarov\u00e1na tak, aby podporovala neutr\u00e1ln\u011bj\u0161\u00ed polohu ruky. Nejz\u0159ejm\u011bj\u0161\u00ed variantou je vertik\u00e1ln\u00ed my\u0161, kter\u00e1 dr\u017e\u00ed va\u0161i ruku v \u00fachopu jako p\u0159i pod\u00e1n\u00ed ruky m\u00edsto polo\u017een\u00ed naplocho na povrchu. To eliminuje rotaci p\u0159edlokt\u00ed, kterou standardn\u00ed my\u0161 vy\u017eaduje, a v\u00fdznamn\u011b sni\u017euje nap\u011bt\u00ed na \u0161lach\u00e1ch z\u00e1p\u011bst\u00ed. Existuj\u00ed tak\u00e9 tvarovan\u00e9 my\u0161i s op\u011brkami palce, bo\u010dn\u00edmi tla\u010d\u00edtky pro extra zkratky a texturovan\u00fdmi \u00fachopy, kter\u00e9 sni\u017euj\u00ed tlak \u00fachopu, kter\u00fd b\u011bhem dlouh\u00fdch sezen\u00ed nev\u011bdom\u011b aplikujete. Canyon nab\u00edz\u00ed ergonomick\u00e9 my\u0161i v t\u00e9to kategorii, v\u010detn\u011b model\u016f navr\u017een\u00fdch pro prodlou\u017een\u00e9 pou\u017e\u00edv\u00e1n\u00ed s povrchy soft-touch a nastaviteln\u00fdm DPI pro p\u0159esnou pr\u00e1ci.\u00a0<\/p>\n\n\n\n<figure class=\"wp-block-image size-full\"><img loading=\"lazy\" decoding=\"async\" width=\"800\" height=\"600\" src=\"https:\/\/czech.canyon.eu\/blog\/wp-content\/uploads\/2026\/04\/vertical_mouse_in_use.jpg\" alt=\"N\u00e1stroje, kter\u00fdch se va\u0161e ruce dot\u00fdkaj\u00ed cel\u00fd den\" class=\"wp-image-2021\" srcset=\"https:\/\/czech.canyon.eu\/blog\/wp-content\/uploads\/2026\/04\/vertical_mouse_in_use.jpg 800w, https:\/\/czech.canyon.eu\/blog\/wp-content\/uploads\/2026\/04\/vertical_mouse_in_use-300x225.jpg 300w, https:\/\/czech.canyon.eu\/blog\/wp-content\/uploads\/2026\/04\/vertical_mouse_in_use-768x576.jpg 768w, https:\/\/czech.canyon.eu\/blog\/wp-content\/uploads\/2026\/04\/vertical_mouse_in_use-240x180.jpg 240w, https:\/\/czech.canyon.eu\/blog\/wp-content\/uploads\/2026\/04\/vertical_mouse_in_use-390x293.jpg 390w\" sizes=\"auto, (max-width: 800px) 100vw, 800px\" \/><\/figure>\n\n\n\n<p>Ergonomick\u00e1 kl\u00e1vesnice typicky obsahuje jeden ze dvou design\u016f: rozd\u011blenou, kde dv\u011b poloviny kl\u00e1vesnice sed\u00ed ve \u0161\u00ed\u0159ce ramen od sebe, aby udr\u017eely va\u0161e z\u00e1p\u011bst\u00ed v souladu s p\u0159edlokt\u00edmi; nebo zak\u0159ivenou, kde se kl\u00e1vesnice m\u00edrn\u011b vyklenuje ven, aby dos\u00e1hla podobn\u00e9ho efektu v jedn\u00e9 jednotce. Mnoho z nich zahrnuje vestav\u011bnou op\u011brku z\u00e1p\u011bst\u00ed nebo pol\u0161t\u00e1\u0159ek na z\u00e1p\u011bst\u00ed, kter\u00fd podporuje spodn\u00ed stranu z\u00e1p\u011bst\u00ed a br\u00e1n\u00ed mu v prudk\u00e9m oh\u00fdb\u00e1n\u00ed nahoru b\u011bhem psan\u00ed. Pokud p\u00ed\u0161ete n\u011bkolik hodin denn\u011b, rozd\u00edl v \u00fanav\u011b mezi standardn\u00ed kl\u00e1vesnic\u00ed a dob\u0159e navr\u017eenou ergonomickou je znateln\u00fd b\u011bhem t\u00fddne od p\u0159echodu.<\/p>\n\n\n\n<p>Jedna v\u011bc stoj\u00ed za zm\u00ednku: pokud p\u0159ejdete na v\u00fdrazn\u011b odli\u0161n\u00e9 rozlo\u017een\u00ed kl\u00e1vesnice nebo styl \u00fachopu, existuje adapta\u010dn\u00ed obdob\u00ed. Va\u0161e rychlost psan\u00ed m\u016f\u017ee zpo\u010d\u00e1tku klesnout, ne\u017e se obnov\u00ed. To je norm\u00e1ln\u00ed a nenazna\u010duje to probl\u00e9m se za\u0159\u00edzen\u00edm.\u00a0<\/p>\n\n\n\n<figure class=\"wp-block-image size-full\"><img loading=\"lazy\" decoding=\"async\" width=\"850\" height=\"478\" src=\"https:\/\/czech.canyon.eu\/blog\/wp-content\/uploads\/2026\/04\/keyboard_wrist_rest.jpg\" alt=\"N\u00e1stroje, kter\u00fdch se va\u0161e ruce dot\u00fdkaj\u00ed cel\u00fd den\" class=\"wp-image-2022\" srcset=\"https:\/\/czech.canyon.eu\/blog\/wp-content\/uploads\/2026\/04\/keyboard_wrist_rest.jpg 850w, https:\/\/czech.canyon.eu\/blog\/wp-content\/uploads\/2026\/04\/keyboard_wrist_rest-300x169.jpg 300w, https:\/\/czech.canyon.eu\/blog\/wp-content\/uploads\/2026\/04\/keyboard_wrist_rest-768x432.jpg 768w, https:\/\/czech.canyon.eu\/blog\/wp-content\/uploads\/2026\/04\/keyboard_wrist_rest-390x219.jpg 390w, https:\/\/czech.canyon.eu\/blog\/wp-content\/uploads\/2026\/04\/keyboard_wrist_rest-820x461.jpg 820w\" sizes=\"auto, (max-width: 850px) 100vw, 850px\" \/><\/figure>\n\n\n\n<h3 id=\"videohovory-a-mezera-v-kamere\" class=\"wp-block-heading\"><strong>Videohovory a mezera v kame\u0159e<\/strong><\/h3>\n\n\n\n<p>Pr\u00e1ce na d\u00e1lku a hybridn\u00ed nastaven\u00ed ud\u011blaly z webkamery jeden z nejd\u016fsledn\u011bj\u0161\u00edch kus\u016f stoln\u00edho hardwaru \u2014 a p\u0159esto je to neust\u00e1le ten nejv\u00edce zanedb\u00e1van\u00fd. V\u011bt\u0161ina kamer notebook\u016f je um\u00edst\u011bna ve spodn\u00ed \u010d\u00e1sti obrazovky nebo v \u00fazk\u00e9m r\u00e1me\u010dku, vytv\u00e1\u0159\u00ed zrnit\u00fd materi\u00e1l p\u0159i jak\u00e9mkoli jin\u00e9m ne\u017e ide\u00e1ln\u00edm osv\u011btlen\u00ed a zachycuje zvuk z mikrofonu um\u00edst\u011bn\u00e9ho daleko od va\u0161ich \u00fast.\u00a0<\/p>\n\n\n\n<p>Pokud jsou videohovory pravidelnou sou\u010d\u00e1st\u00ed va\u0161eho t\u00fddne, investice do vysoce kvalitn\u00ed webkamery je jedn\u00edm z nejjasn\u011bj\u0161\u00edch vylep\u0161en\u00ed, kter\u00e9 m\u016f\u017eete ud\u011blat pro svou profesion\u00e1ln\u00ed prezentaci. Rozd\u00edly, na kter\u00fdch nejv\u00edce z\u00e1le\u017e\u00ed, jsou rozli\u0161en\u00ed (1080p je praktick\u00fd standard pro v\u011bt\u0161inu \u00fa\u010del\u016f; zlep\u0161en\u00ed odtud na 4K je v re\u00e1ln\u00fdch podm\u00ednk\u00e1ch jemn\u011bj\u0161\u00ed), v\u00fdkon p\u0159i \u0161patn\u00e9m osv\u011btlen\u00ed (tak\u017ee nevypad\u00e1te vybledl\u00ed nebo zast\u00edn\u011bni, kdy\u017e je va\u0161e pozad\u00ed jasn\u011bj\u0161\u00ed ne\u017e v\u00e1\u0161 obli\u010dej) a kvalita vestav\u011bn\u00e9ho mikrofonu.\u00a0<\/p>\n\n\n\n<p>\u0160irok\u00fd zorn\u00fd \u00fahel je u\u017eite\u010dn\u00fd, pokud chcete uk\u00e1zat tabuli, sd\u00edlet spolupracovn\u00edka ve stejn\u00e9m prostoru nebo se jednodu\u0161e pohybovat, ani\u017e byste zmizeli z r\u00e1mce. \u00dazk\u00fd zorn\u00fd \u00fahel udr\u017euje pozad\u00ed mimo z\u00e1b\u011br, co\u017e m\u016f\u017ee b\u00fdt v\u00fdhodou v p\u0159epln\u011bn\u00e9 m\u00edstnosti. N\u011bkter\u00e9 webkamery nab\u00edzej\u00ed nastaviteln\u00fd zorn\u00fd \u00fahel, tak\u017ee si m\u016f\u017eete vybrat podle hovoru. Canyon vyr\u00e1b\u00ed webkamery v r\u016fzn\u00fdch cenov\u00fdch hladin\u00e1ch, kter\u00e9 \u0159e\u0161\u00ed tyto praktick\u00e9 pot\u0159eby \u2014 v\u010detn\u011b model\u016f s vestav\u011bn\u00fdmi kryty soukrom\u00ed, kruhov\u00fdch sv\u011btel pro konzistentn\u00ed osv\u011btlen\u00ed a mikrofon\u016f s filtrov\u00e1n\u00edm \u0161umu.\u00a0<\/p>\n\n\n\n<p>Um\u00edst\u011bn\u00ed z\u00e1le\u017e\u00ed stejn\u011b jako samotn\u00e1 kamera. Webkamera namontovan\u00e1 v horn\u00ed \u010d\u00e1sti va\u0161eho monitoru v\u00e1s postav\u00ed na \u00farove\u0148 o\u010d\u00ed s va\u0161\u00ed kamerou, co\u017e je nejp\u0159irozen\u011bj\u0161\u00ed \u00fahel pro konverzaci. Pokud kamera sed\u00ed n\u00ed\u017ee \u2014 nap\u0159\u00edklad na stoln\u00edm stojanu \u2014 skon\u010d\u00edte tak, \u017ee se na ni d\u00edv\u00e1te dol\u016f, co\u017e je nelaskav\u00e9 a m\u016f\u017ee zp\u016fsobit, \u017ee konverzace p\u016fsob\u00ed m\u00edrn\u011b nevyv\u00e1\u017een\u011b. Mont\u00e1\u017e na monitor je nejb\u011b\u017en\u011bj\u0161\u00ed \u0159e\u0161en\u00ed a funguje prakticky se v\u0161emi extern\u00edmi webkamerami.<\/p>\n\n\n\n<figure class=\"wp-block-image size-full\"><img loading=\"lazy\" decoding=\"async\" width=\"850\" height=\"567\" src=\"https:\/\/czech.canyon.eu\/blog\/wp-content\/uploads\/2026\/04\/webcam_monitor_3.jpg\" alt=\"Videohovory a mezera v kame\u0159e\" class=\"wp-image-2023\" srcset=\"https:\/\/czech.canyon.eu\/blog\/wp-content\/uploads\/2026\/04\/webcam_monitor_3.jpg 850w, https:\/\/czech.canyon.eu\/blog\/wp-content\/uploads\/2026\/04\/webcam_monitor_3-300x200.jpg 300w, https:\/\/czech.canyon.eu\/blog\/wp-content\/uploads\/2026\/04\/webcam_monitor_3-768x512.jpg 768w, https:\/\/czech.canyon.eu\/blog\/wp-content\/uploads\/2026\/04\/webcam_monitor_3-390x260.jpg 390w, https:\/\/czech.canyon.eu\/blog\/wp-content\/uploads\/2026\/04\/webcam_monitor_3-820x547.jpg 820w\" sizes=\"auto, (max-width: 850px) 100vw, 850px\" \/><\/figure>\n\n\n\n<h3 id=\"usporadani-povrchu-pro-pohodli-a-efektivitu\" class=\"wp-block-heading\"><strong>Uspo\u0159\u00e1d\u00e1n\u00ed povrchu pro pohodl\u00ed a efektivitu<\/strong><\/h3>\n\n\n\n<p>Jakmile je kl\u00ed\u010dov\u00fd hardware na m\u00edst\u011b, uspo\u0159\u00e1d\u00e1n\u00ed va\u0161eho stolu vytv\u00e1\u0159\u00ed v\u00fdznamn\u00fd rozd\u00edl v tom, jak dob\u0159e to v\u0161echno funguje dohromady. P\u0159em\u00fd\u0161len\u00ed o tom, jak vylep\u0161it vzhled stolu, je \u010dasto v\u00fdchoz\u00edm bodem, ale u\u017eite\u010dn\u011bj\u0161\u00ed r\u00e1mov\u00e1n\u00ed je: jak uspo\u0159\u00e1d\u00e1m tento povrch tak, abych byl pohodln\u00fd a na\u0161el, co pot\u0159ebuji, ani\u017e bych o tom musel p\u0159em\u00fd\u0161let?\u00a0<\/p>\n\n\n\n<p>Nejd\u016fle\u017eit\u011bj\u0161\u00edm v\u00fdchoz\u00edm bodem je monitor. Jeho horn\u00ed okraj by m\u011bl b\u00fdt p\u0159ibli\u017en\u011b na \u00farovni o\u010d\u00ed, co\u017e znamen\u00e1, \u017ee v\u011bt\u0161ina lid\u00ed ho pot\u0159ebuje m\u00edrn\u011b zvednout z v\u00fdchoz\u00ed polohy. Podstavec monitoru nebo nastaviteln\u00e9 rameno to doc\u00edl\u00ed \u010dist\u011b. Obrazovka by m\u011bla b\u00fdt asi na vzd\u00e1lenost pa\u017ee od va\u0161ich o\u010d\u00ed \u2014 dostate\u010dn\u011b bl\u00edzko, abyste mohli jasn\u011b \u010d\u00edst bez nakl\u00e1n\u011bn\u00ed se, dostate\u010dn\u011b daleko, abyste p\u0159ede\u0161li nam\u00e1h\u00e1n\u00ed o\u010d\u00ed.\u00a0<\/p>\n\n\n\n<figure class=\"wp-block-image size-large\"><img loading=\"lazy\" decoding=\"async\" width=\"1024\" height=\"683\" src=\"https:\/\/czech.canyon.eu\/blog\/wp-content\/uploads\/2026\/04\/Monitor_riser-1024x683.jpg\" alt=\"Uspo\u0159\u00e1d\u00e1n\u00ed povrchu pro pohodl\u00ed a efektivitu\" class=\"wp-image-2024\" srcset=\"https:\/\/czech.canyon.eu\/blog\/wp-content\/uploads\/2026\/04\/Monitor_riser-1024x683.jpg 1024w, https:\/\/czech.canyon.eu\/blog\/wp-content\/uploads\/2026\/04\/Monitor_riser-300x200.jpg 300w, https:\/\/czech.canyon.eu\/blog\/wp-content\/uploads\/2026\/04\/Monitor_riser-768x512.jpg 768w, https:\/\/czech.canyon.eu\/blog\/wp-content\/uploads\/2026\/04\/Monitor_riser-1536x1024.jpg 1536w, https:\/\/czech.canyon.eu\/blog\/wp-content\/uploads\/2026\/04\/Monitor_riser-2048x1365.jpg 2048w, https:\/\/czech.canyon.eu\/blog\/wp-content\/uploads\/2026\/04\/Monitor_riser-390x260.jpg 390w, https:\/\/czech.canyon.eu\/blog\/wp-content\/uploads\/2026\/04\/Monitor_riser-820x547.jpg 820w, https:\/\/czech.canyon.eu\/blog\/wp-content\/uploads\/2026\/04\/Monitor_riser-1180x787.jpg 1180w, https:\/\/czech.canyon.eu\/blog\/wp-content\/uploads\/2026\/04\/Monitor_riser-scaled.jpg 2560w\" sizes=\"auto, (max-width: 1024px) 100vw, 1024px\" \/><\/figure>\n\n\n\n<p>V\u011bd\u011bt, jak uspo\u0159\u00e1dat st\u016fl pro fyzick\u00e9 pohodl\u00ed, pokra\u010duje kl\u00e1vesnic\u00ed a my\u0161\u00ed. Ty by m\u011bly sed\u011bt ve v\u00fd\u0161ce, kter\u00e1 umo\u017e\u0148uje va\u0161im lokt\u016fm z\u016fstat bl\u00edzko va\u0161eho t\u011bla, s p\u0159edlokt\u00edmi zhruba rovnob\u011b\u017en\u011b s podlahou. Pokud v\u00e1\u0161 st\u016fl nen\u00ed v\u00fd\u0161kov\u011b nastaviteln\u00fd, z\u00e1sobn\u00edk kl\u00e1vesnice namontovan\u00fd pod povrchem stolu je m\u016f\u017ee p\u0159iv\u00e9st dol\u016f na spr\u00e1vnou \u00farove\u0148. Va\u0161e nohy by m\u011bly sed\u011bt plo\u0161e na podlaze a va\u0161e spodn\u00ed z\u00e1da by m\u011bla b\u00fdt podep\u0159ena va\u0161\u00ed \u017eidl\u00ed. Toto nejsou komplikovan\u00e9 ergonomick\u00e9 c\u00edle \u2014 ale jsou to ty, kter\u00e9 jsou nejv\u00edce konzistentn\u011b ignorov\u00e1ny.<\/p>\n\n\n\n<p>Odtud je z\u00e1sadou bl\u00edzkost: v\u011bci, kter\u00e9 pou\u017e\u00edv\u00e1te nej\u010dast\u011bji, by m\u011bly b\u00fdt nejbl\u00ed\u017ee po ruce. Z\u00e1pisn\u00edk, pero, telefon \u2014 tyto by m\u011bly sed\u011bt v p\u0159irozen\u00e9m dosahu va\u0161\u00ed pa\u017ee, ani\u017e byste se museli nakl\u00e1n\u011bt nebo natahovat. Stoln\u00ed dopl\u0148ky jako mal\u00e9 organiza\u010dn\u00ed misky, kabelov\u00e9 kan\u00e1ly a podstavec monitoru s vestav\u011bn\u00fdmi \u00falo\u017en\u00fdmi p\u0159ihr\u00e1dkami mohou udr\u017eet \u010dasto pou\u017e\u00edvan\u00e9 p\u0159edm\u011bty p\u0159\u00edstupn\u00e9, ani\u017e by vytv\u00e1\u0159ely vizu\u00e1ln\u00ed nepo\u0159\u00e1dek.<\/p>\n\n\n\n<h3 id=\"osvetleni-vzduch-a-prostredi-kolem-vaseho-stolu\" class=\"wp-block-heading\"><strong>Osv\u011btlen\u00ed, vzduch a prost\u0159ed\u00ed kolem va\u0161eho stolu<\/strong><\/h3>\n\n\n\n<p>Bezprost\u0159edn\u00ed povrch va\u0161eho stolu nen\u00ed jedin\u00e1 v\u011bc, kter\u00e1 ovliv\u0148uje, jak pracujete. Osv\u011btlen\u00ed hraje v\u011bt\u0161\u00ed roli, ne\u017e v\u011bt\u0161ina lid\u00ed zpo\u010d\u00e1tku o\u010dek\u00e1v\u00e1. \u0160patn\u00e9 osv\u011btlen\u00ed zp\u016fsobuje nam\u00e1h\u00e1n\u00ed o\u010d\u00ed, proto\u017ee va\u0161e o\u010di se neust\u00e1le p\u0159izp\u016fsobuj\u00ed mezi jasnou obrazovkou a \u0161patn\u011b osv\u011btlenou m\u00edstnost\u00ed. Odlesk \u2014 zvl\u00e1\u0161t\u011b ze slune\u010dn\u00edho sv\u011btla dopadaj\u00edc\u00edho p\u0159\u00edmo na va\u0161i obrazovku \u2014 v\u00e1s nut\u00ed m\u017eourat nebo se p\u0159em\u00eds\u0165ovat, oboj\u00ed vytv\u00e1\u0159\u00ed nap\u011bt\u00ed v o\u010d\u00edch a krku.\u00a0<\/p>\n\n\n\n<p>Ide\u00e1ln\u00ed nastaven\u00ed stoln\u00edho osv\u011btlen\u00ed zahrnuje zdroj sv\u011btla p\u0159ed v\u00e1mi sp\u00ed\u0161e ne\u017e nad nebo za v\u00e1mi. Nastaviteln\u00e1 stoln\u00ed lampa s prom\u011bnnou teplotou barev v\u00e1m umo\u017e\u0148uje ladit sv\u011btlo podle denn\u00ed doby: teplej\u0161\u00ed t\u00f3ny r\u00e1no a ve\u010der, chladn\u011bj\u0161\u00ed t\u00f3ny b\u011bhem \u0161pi\u010dkov\u00fdch pracovn\u00edch hodin. Pokud jste pravideln\u011b na videohovorech, tat\u00e1\u017e lampa sm\u011b\u0159uj\u00edc\u00ed dop\u0159edu tak\u00e9 zlep\u0161uje, jak vypad\u00e1te na kame\u0159e \u2014 v\u00e1\u0161 obli\u010dej je rovnom\u011brn\u011b osv\u011btlen m\u00edsto zast\u00edn\u011bn\u00e9ho shora nebo siluety proti jasn\u00e9mu oknu za v\u00e1mi.\u00a0<\/p>\n\n\n\n<figure class=\"wp-block-image size-large\"><img loading=\"lazy\" decoding=\"async\" width=\"1024\" height=\"683\" src=\"https:\/\/czech.canyon.eu\/blog\/wp-content\/uploads\/2026\/04\/desk_lamp-1024x683.jpg\" alt=\"Osv\u011btlen\u00ed, vzduch a prost\u0159ed\u00ed kolem va\u0161eho stolu \" class=\"wp-image-2025\" srcset=\"https:\/\/czech.canyon.eu\/blog\/wp-content\/uploads\/2026\/04\/desk_lamp-1024x683.jpg 1024w, https:\/\/czech.canyon.eu\/blog\/wp-content\/uploads\/2026\/04\/desk_lamp-300x200.jpg 300w, https:\/\/czech.canyon.eu\/blog\/wp-content\/uploads\/2026\/04\/desk_lamp-768x512.jpg 768w, https:\/\/czech.canyon.eu\/blog\/wp-content\/uploads\/2026\/04\/desk_lamp-1536x1024.jpg 1536w, https:\/\/czech.canyon.eu\/blog\/wp-content\/uploads\/2026\/04\/desk_lamp-2048x1365.jpg 2048w, https:\/\/czech.canyon.eu\/blog\/wp-content\/uploads\/2026\/04\/desk_lamp-390x260.jpg 390w, https:\/\/czech.canyon.eu\/blog\/wp-content\/uploads\/2026\/04\/desk_lamp-820x547.jpg 820w, https:\/\/czech.canyon.eu\/blog\/wp-content\/uploads\/2026\/04\/desk_lamp-1180x787.jpg 1180w, https:\/\/czech.canyon.eu\/blog\/wp-content\/uploads\/2026\/04\/desk_lamp-scaled.jpg 2560w\" sizes=\"auto, (max-width: 1024px) 100vw, 1024px\" \/><\/figure>\n\n\n\n<p>Teplota vzduchu a \u010derstv\u00fd vzduch maj\u00ed tak\u00e9 m\u011b\u0159iteln\u00fd \u00fa\u010dinek na soust\u0159ed\u011bn\u00ed. Dusn\u00e1 m\u00edstnost s vysokou hladinou CO2 z nedostate\u010dn\u00e9ho v\u011btr\u00e1n\u00ed zp\u016fsobuje ospalost a sn\u00ed\u017eenou koncentraci. Toto nen\u00ed n\u011bco, co m\u016f\u017eete vy\u0159e\u0161it gadgetem, ale stoj\u00ed za zm\u00ednku: pokud zjist\u00edte, \u017ee odpoledne ztr\u00e1c\u00edte soust\u0159ed\u011bn\u00ed navzdory dob\u0159e uspo\u0159\u00e1dan\u00e9mu stolu a dobr\u00e9mu osv\u011btlen\u00ed, otev\u0159en\u00ed okna m\u016f\u017ee pomoci v\u00edce, ne\u017e o\u010dek\u00e1v\u00e1te.\u00a0<\/p>\n\n\n\n<h3 id=\"postupne-budovani-nastaveni\" class=\"wp-block-heading\"><strong>Postupn\u00e9 budov\u00e1n\u00ed nastaven\u00ed<\/strong><\/h3>\n\n\n\n<p>Nejprakti\u010dt\u011bj\u0161\u00ed rada pro kohokoli, kdo za\u010d\u00edn\u00e1 v\u00e1\u017en\u011b uva\u017eovat o sv\u00e9m pracovn\u00edm prostoru, je tato: nepokou\u0161ejte se v\u0161echno opravit najednou. Vyberte si jeden nejv\u011bt\u0161\u00ed bod t\u0159en\u00ed \u2014 v\u011bc, kter\u00e1 v\u00e1s nejpravideln\u011bji p\u0159eru\u0161uje nebo frustruje \u2014 a vy\u0159e\u0161te to jako prvn\u00ed. Pro v\u011bt\u0161inu lid\u00ed je to bu\u010f chaos s kabely (vy\u0159e\u0161en nab\u00edjec\u00edm hubem a z\u00e1kladn\u00ed spr\u00e1vou kabel\u016f), fyzick\u00e9 nepohodl\u00ed (vy\u0159e\u0161eno ergonomick\u00fdmi vstupn\u00edmi za\u0159\u00edzen\u00edmi), nebo kvalita videohovoru (vy\u0159e\u0161ena extern\u00ed webkamerou).\u00a0<\/p>\n\n\n\n<figure class=\"wp-block-image size-large\"><img loading=\"lazy\" decoding=\"async\" width=\"1024\" height=\"683\" src=\"https:\/\/czech.canyon.eu\/blog\/wp-content\/uploads\/2026\/04\/cable_organizer-1024x683.jpg\" alt=\"Postupn\u00e9 budov\u00e1n\u00ed nastaven\u00ed \" class=\"wp-image-2026\" srcset=\"https:\/\/czech.canyon.eu\/blog\/wp-content\/uploads\/2026\/04\/cable_organizer-1024x683.jpg 1024w, https:\/\/czech.canyon.eu\/blog\/wp-content\/uploads\/2026\/04\/cable_organizer-300x200.jpg 300w, https:\/\/czech.canyon.eu\/blog\/wp-content\/uploads\/2026\/04\/cable_organizer-768x512.jpg 768w, https:\/\/czech.canyon.eu\/blog\/wp-content\/uploads\/2026\/04\/cable_organizer-1536x1024.jpg 1536w, https:\/\/czech.canyon.eu\/blog\/wp-content\/uploads\/2026\/04\/cable_organizer-2048x1365.jpg 2048w, https:\/\/czech.canyon.eu\/blog\/wp-content\/uploads\/2026\/04\/cable_organizer-390x260.jpg 390w, https:\/\/czech.canyon.eu\/blog\/wp-content\/uploads\/2026\/04\/cable_organizer-820x547.jpg 820w, https:\/\/czech.canyon.eu\/blog\/wp-content\/uploads\/2026\/04\/cable_organizer-1180x787.jpg 1180w, https:\/\/czech.canyon.eu\/blog\/wp-content\/uploads\/2026\/04\/cable_organizer-scaled.jpg 2560w\" sizes=\"auto, (max-width: 1024px) 100vw, 1024px\" \/><\/figure>\n\n\n\n<p>Ka\u017ed\u00e1 z t\u011bchto zm\u011bn je relativn\u011b samostatn\u00e1 a nevy\u017eaduje, abyste p\u0159epracovali v\u0161e ostatn\u00ed. Dobr\u00e9 uspo\u0159\u00e1d\u00e1n\u00ed stolu roste organicky b\u011bhem n\u011bkolika m\u011bs\u00edc\u016f, jak si v\u0161\u00edm\u00e1te, co funguje a co ne. Dopl\u0148ky, na kter\u00fdch z\u00e1le\u017e\u00ed nejv\u00edce, jsou ty, se kter\u00fdmi komunikujete p\u0159\u00edmo: my\u0161 ve va\u0161\u00ed ruce, kl\u00e1vesnice pod va\u0161imi prsty, kamera p\u0159ed v\u00e1mi a povrch stolu, na kter\u00fd se d\u00edv\u00e1te hodiny ka\u017ed\u00fd den.\u00a0<\/p>\n\n\n\n<p>Canyon nab\u00edz\u00ed \u0159adu dopl\u0148k\u016f, kter\u00e9 pokr\u00fdvaj\u00ed tyto z\u00e1kladn\u00ed pot\u0159eby \u2014 nab\u00edjec\u00ed huby, ergonomickou periferii, webkamery a \u0159e\u0161en\u00ed spr\u00e1vy kabel\u016f \u2014 v r\u016fzn\u00fdch cenov\u00fdch hladin\u00e1ch, co\u017e umo\u017e\u0148uje prakticky budovat nastaven\u00ed po etap\u00e1ch bez velk\u00e9 jedin\u00e9 investice. A\u0165 u\u017e za\u010dnete s bezdr\u00e1tovou nab\u00edjec\u00ed podlo\u017ekou nebo vertik\u00e1ln\u00ed my\u0161\u00ed, princip je stejn\u00fd: ka\u017ed\u00e9 vylep\u0161en\u00ed, kter\u00e9 sni\u017euje t\u0159en\u00ed nebo nepohodl\u00ed, je \u010das a energie u\u0161et\u0159en\u00e1 v ka\u017ed\u00e9m pracovn\u00edm dni.\u00a0<\/p>\n\n\n\n<p>Dobr\u00fd pracovn\u00ed prostor nemus\u00ed b\u00fdt drah\u00fd nebo propracovan\u00fd. Mus\u00ed b\u00fdt promy\u0161len\u00fd \u2014 uspo\u0159\u00e1dan\u00fd s v\u011bdom\u00edm toho, jak skute\u010dn\u011b pracujete, co skute\u010dn\u011b pou\u017e\u00edv\u00e1te a co v\u00e1m skute\u010dn\u011b p\u0159ek\u00e1\u017e\u00ed.\u00a0<\/p>\n","protected":false},"excerpt":{"rendered":"Chyt\u0159ej\u0161\u00ed uspo\u0159\u00e1d\u00e1n\u00ed za\u010d\u00edn\u00e1 spr\u00e1vn\u00fdmi volbami Pokud jste n\u011bkdy usedli ke sv\u00e9mu stolu a prvn\u00edch p\u011bt minut str\u00e1vili rozpl\u00e9t\u00e1n\u00edm kabel\u016f, hled\u00e1n\u00edm nab\u00edje\u010dky a se\u0159izov\u00e1n\u00edm \u017eidle, proto\u017ee v\u00e1s u\u017e bol\u00ed krk \u2014&hellip;\n","protected":false},"author":6,"featured_media":2027,"comment_status":"open","ping_status":"open","sticky":false,"template":"","format":"standard","meta":{"inline_featured_image":false,"footnotes":""},"categories":[334,308,330],"tags":[],"class_list":{"0":"post-2018","1":"post","2":"type-post","3":"status-publish","4":"format-standard","5":"has-post-thumbnail","7":"category-napajeci-zarizeni","8":"category-computer-accesories","9":"category-pruvodce"},"yoast_head":"<!-- This site is optimized with the Yoast SEO plugin v21.3 - https:\/\/yoast.com\/wordpress\/plugins\/seo\/ -->\n<title>N\u00e1pady na uspo\u0159\u00e1d\u00e1n\u00ed pracovn\u00edho stolu &#8211; CANYON Blog<\/title>\n<meta name=\"description\" content=\"Pokud jste n\u011bkdy usedli ke sv\u00e9mu stolu a prvn\u00edch p\u011bt minut str\u00e1vili rozpl\u00e9t\u00e1n\u00edm kabel\u016f, hled\u00e1n\u00edm nab\u00edje\u010dky a se\u0159izov\u00e1n\u00edm \u017eidle, proto\u017ee v\u00e1s u\u017e bol\u00ed krk \u2014 nejste sami. V\u011bt\u0161ina lid\u00ed sn\u00e1\u0161\u00ed chaotick\u00fd pracovn\u00ed prostor mnohem d\u00e9le, ne\u017e by m\u011bla, ne proto, \u017ee by jim chyb\u011bl \u010das to napravit, ale proto\u017ee nen\u00ed z\u0159ejm\u00e9, kde za\u010d\u00edt. Dobr\u00e1 zpr\u00e1va je, \u017ee odpov\u011b\u010f obvykle spo\u010d\u00edv\u00e1 v hrstce dob\u0159e vybran\u00fdch dopl\u0148k\u016f a n\u011bkolika praktick\u00fdch z\u00e1sad\u00e1ch.\" \/>\n<meta name=\"robots\" content=\"noindex, follow, max-snippet:-1, max-image-preview:large, max-video-preview:-1\" \/>\n<meta property=\"og:locale\" content=\"cs_CZ\" \/>\n<meta property=\"og:type\" content=\"article\" \/>\n<meta property=\"og:title\" content=\"N\u00e1pady na uspo\u0159\u00e1d\u00e1n\u00ed pracovn\u00edho stolu &#8211; CANYON Blog\" \/>\n<meta property=\"og:description\" content=\"Pokud jste n\u011bkdy usedli ke sv\u00e9mu stolu a prvn\u00edch p\u011bt minut str\u00e1vili rozpl\u00e9t\u00e1n\u00edm kabel\u016f, hled\u00e1n\u00edm nab\u00edje\u010dky a se\u0159izov\u00e1n\u00edm \u017eidle, proto\u017ee v\u00e1s u\u017e bol\u00ed krk \u2014 nejste sami. V\u011bt\u0161ina lid\u00ed sn\u00e1\u0161\u00ed chaotick\u00fd pracovn\u00ed prostor mnohem d\u00e9le, ne\u017e by m\u011bla, ne proto, \u017ee by jim chyb\u011bl \u010das to napravit, ale proto\u017ee nen\u00ed z\u0159ejm\u00e9, kde za\u010d\u00edt. Dobr\u00e1 zpr\u00e1va je, \u017ee odpov\u011b\u010f obvykle spo\u010d\u00edv\u00e1 v hrstce dob\u0159e vybran\u00fdch dopl\u0148k\u016f a n\u011bkolika praktick\u00fdch z\u00e1sad\u00e1ch.\" \/>\n<meta property=\"og:url\" content=\"https:\/\/czech.canyon.eu\/blog\/napady-na-usporadani-pracovniho-stolu\/\" \/>\n<meta property=\"og:site_name\" content=\"CANYON Blog\" \/>\n<meta property=\"article:published_time\" content=\"2026-04-24T10:42:23+00:00\" \/>\n<meta property=\"article:modified_time\" content=\"2026-04-24T10:42:24+00:00\" \/>\n<meta property=\"og:image\" content=\"https:\/\/czech.canyon.eu\/blog\/wp-content\/uploads\/2026\/04\/desk-scaled.jpg\" \/>\n\t<meta property=\"og:image:width\" content=\"2560\" \/>\n\t<meta property=\"og:image:height\" content=\"1707\" \/>\n\t<meta property=\"og:image:type\" content=\"image\/jpeg\" \/>\n<meta name=\"author\" content=\"Tatiana Vankovich\" \/>\n<meta name=\"twitter:card\" content=\"summary_large_image\" \/>\n<meta name=\"twitter:label1\" content=\"Napsal(a)\" \/>\n\t<meta name=\"twitter:data1\" content=\"Tatiana Vankovich\" \/>\n\t<meta name=\"twitter:label2\" content=\"Odhadovan\u00e1 doba \u010dten\u00ed\" \/>\n\t<meta name=\"twitter:data2\" content=\"12 minut\" \/>\n<script type=\"application\/ld+json\" class=\"yoast-schema-graph\">{\"@context\":\"https:\/\/schema.org\",\"@graph\":[{\"@type\":\"Article\",\"@id\":\"https:\/\/czech.canyon.eu\/blog\/napady-na-usporadani-pracovniho-stolu\/#article\",\"isPartOf\":{\"@id\":\"https:\/\/czech.canyon.eu\/blog\/napady-na-usporadani-pracovniho-stolu\/\"},\"author\":{\"name\":\"Tatiana Vankovich\",\"@id\":\"https:\/\/czech.canyon.eu\/blog\/#\/schema\/person\/59af1387085cfa6eac49c9846eba7f39\"},\"headline\":\"N\u00e1pady na uspo\u0159\u00e1d\u00e1n\u00ed pracovn\u00edho stolu\",\"datePublished\":\"2026-04-24T10:42:23+00:00\",\"dateModified\":\"2026-04-24T10:42:24+00:00\",\"mainEntityOfPage\":{\"@id\":\"https:\/\/czech.canyon.eu\/blog\/napady-na-usporadani-pracovniho-stolu\/\"},\"wordCount\":2789,\"commentCount\":0,\"publisher\":{\"@id\":\"https:\/\/czech.canyon.eu\/blog\/#organization\"},\"articleSection\":[\"Nap\u00e1jec\u00ed za\u0159\u00edzen\u00ed\",\"Po\u010d\u00edta\u010dov\u00e9 p\u0159\u00edslu\u0161enstv\u00ed\",\"Pr\u016fvodce\"],\"inLanguage\":\"cs\",\"potentialAction\":[{\"@type\":\"CommentAction\",\"name\":\"Comment\",\"target\":[\"https:\/\/czech.canyon.eu\/blog\/napady-na-usporadani-pracovniho-stolu\/#respond\"]}]},{\"@type\":\"WebPage\",\"@id\":\"https:\/\/czech.canyon.eu\/blog\/napady-na-usporadani-pracovniho-stolu\/\",\"url\":\"https:\/\/czech.canyon.eu\/blog\/napady-na-usporadani-pracovniho-stolu\/\",\"name\":\"N\u00e1pady na uspo\u0159\u00e1d\u00e1n\u00ed pracovn\u00edho stolu &#8211; CANYON Blog\",\"isPartOf\":{\"@id\":\"https:\/\/czech.canyon.eu\/blog\/#website\"},\"datePublished\":\"2026-04-24T10:42:23+00:00\",\"dateModified\":\"2026-04-24T10:42:24+00:00\",\"description\":\"Pokud jste n\u011bkdy usedli ke sv\u00e9mu stolu a prvn\u00edch p\u011bt minut str\u00e1vili rozpl\u00e9t\u00e1n\u00edm kabel\u016f, hled\u00e1n\u00edm nab\u00edje\u010dky a se\u0159izov\u00e1n\u00edm \u017eidle, proto\u017ee v\u00e1s u\u017e bol\u00ed krk \u2014 nejste sami. V\u011bt\u0161ina lid\u00ed sn\u00e1\u0161\u00ed chaotick\u00fd pracovn\u00ed prostor mnohem d\u00e9le, ne\u017e by m\u011bla, ne proto, \u017ee by jim chyb\u011bl \u010das to napravit, ale proto\u017ee nen\u00ed z\u0159ejm\u00e9, kde za\u010d\u00edt. Dobr\u00e1 zpr\u00e1va je, \u017ee odpov\u011b\u010f obvykle spo\u010d\u00edv\u00e1 v hrstce dob\u0159e vybran\u00fdch dopl\u0148k\u016f a n\u011bkolika praktick\u00fdch z\u00e1sad\u00e1ch.\",\"breadcrumb\":{\"@id\":\"https:\/\/czech.canyon.eu\/blog\/napady-na-usporadani-pracovniho-stolu\/#breadcrumb\"},\"inLanguage\":\"cs\",\"potentialAction\":[{\"@type\":\"ReadAction\",\"target\":[\"https:\/\/czech.canyon.eu\/blog\/napady-na-usporadani-pracovniho-stolu\/\"]}]},{\"@type\":\"BreadcrumbList\",\"@id\":\"https:\/\/czech.canyon.eu\/blog\/napady-na-usporadani-pracovniho-stolu\/#breadcrumb\",\"itemListElement\":[{\"@type\":\"ListItem\",\"position\":1,\"name\":\"Home\",\"item\":\"https:\/\/czech.canyon.eu\/blog\/\"},{\"@type\":\"ListItem\",\"position\":2,\"name\":\"Po\u010d\u00edta\u010dov\u00e9 p\u0159\u00edslu\u0161enstv\u00ed\",\"item\":\"https:\/\/czech.canyon.eu\/blog\/category\/computer-accesories\/\"},{\"@type\":\"ListItem\",\"position\":3,\"name\":\"N\u00e1pady na uspo\u0159\u00e1d\u00e1n\u00ed pracovn\u00edho stolu\"}]},{\"@type\":\"WebSite\",\"@id\":\"https:\/\/czech.canyon.eu\/blog\/#website\",\"url\":\"https:\/\/czech.canyon.eu\/blog\/\",\"name\":\"CANYON Blog\",\"description\":\"Mobile and Computer Accessories\",\"publisher\":{\"@id\":\"https:\/\/czech.canyon.eu\/blog\/#organization\"},\"potentialAction\":[{\"@type\":\"SearchAction\",\"target\":{\"@type\":\"EntryPoint\",\"urlTemplate\":\"https:\/\/czech.canyon.eu\/blog\/?s={search_term_string}\"},\"query-input\":\"required name=search_term_string\"}],\"inLanguage\":\"cs\"},{\"@type\":\"Organization\",\"@id\":\"https:\/\/czech.canyon.eu\/blog\/#organization\",\"name\":\"Canyon\",\"url\":\"https:\/\/czech.canyon.eu\/blog\/\",\"logo\":{\"@type\":\"ImageObject\",\"inLanguage\":\"cs\",\"@id\":\"https:\/\/czech.canyon.eu\/blog\/#\/schema\/logo\/image\/\",\"url\":\"https:\/\/canyon.eu\/blog\/wp-content\/uploads\/2023\/02\/111.png\",\"contentUrl\":\"https:\/\/canyon.eu\/blog\/wp-content\/uploads\/2023\/02\/111.png\",\"width\":214,\"height\":79,\"caption\":\"Canyon\"},\"image\":{\"@id\":\"https:\/\/czech.canyon.eu\/blog\/#\/schema\/logo\/image\/\"}},{\"@type\":\"Person\",\"@id\":\"https:\/\/czech.canyon.eu\/blog\/#\/schema\/person\/59af1387085cfa6eac49c9846eba7f39\",\"name\":\"Tatiana Vankovich\",\"image\":{\"@type\":\"ImageObject\",\"inLanguage\":\"cs\",\"@id\":\"https:\/\/czech.canyon.eu\/blog\/#\/schema\/person\/image\/\",\"url\":\"https:\/\/secure.gravatar.com\/avatar\/5141dc103cb72d654b83160b4b11f3d11282bc29e4fb5a574d83aa5d41cbef51?s=96&d=mm&r=g\",\"contentUrl\":\"https:\/\/secure.gravatar.com\/avatar\/5141dc103cb72d654b83160b4b11f3d11282bc29e4fb5a574d83aa5d41cbef51?s=96&d=mm&r=g\",\"caption\":\"Tatiana Vankovich\"},\"url\":\"https:\/\/czech.canyon.eu\/blog\/author\/tatiana\/\"}]}<\/script>\n<!-- \/ Yoast SEO plugin. -->","yoast_head_json":{"title":"N\u00e1pady na uspo\u0159\u00e1d\u00e1n\u00ed pracovn\u00edho stolu &#8211; CANYON Blog","description":"Pokud jste n\u011bkdy usedli ke sv\u00e9mu stolu a prvn\u00edch p\u011bt minut str\u00e1vili rozpl\u00e9t\u00e1n\u00edm kabel\u016f, hled\u00e1n\u00edm nab\u00edje\u010dky a se\u0159izov\u00e1n\u00edm \u017eidle, proto\u017ee v\u00e1s u\u017e bol\u00ed krk \u2014 nejste sami. V\u011bt\u0161ina lid\u00ed sn\u00e1\u0161\u00ed chaotick\u00fd pracovn\u00ed prostor mnohem d\u00e9le, ne\u017e by m\u011bla, ne proto, \u017ee by jim chyb\u011bl \u010das to napravit, ale proto\u017ee nen\u00ed z\u0159ejm\u00e9, kde za\u010d\u00edt. Dobr\u00e1 zpr\u00e1va je, \u017ee odpov\u011b\u010f obvykle spo\u010d\u00edv\u00e1 v hrstce dob\u0159e vybran\u00fdch dopl\u0148k\u016f a n\u011bkolika praktick\u00fdch z\u00e1sad\u00e1ch.","robots":{"index":"noindex","follow":"follow","max-snippet":"max-snippet:-1","max-image-preview":"max-image-preview:large","max-video-preview":"max-video-preview:-1"},"og_locale":"cs_CZ","og_type":"article","og_title":"N\u00e1pady na uspo\u0159\u00e1d\u00e1n\u00ed pracovn\u00edho stolu &#8211; CANYON Blog","og_description":"Pokud jste n\u011bkdy usedli ke sv\u00e9mu stolu a prvn\u00edch p\u011bt minut str\u00e1vili rozpl\u00e9t\u00e1n\u00edm kabel\u016f, hled\u00e1n\u00edm nab\u00edje\u010dky a se\u0159izov\u00e1n\u00edm \u017eidle, proto\u017ee v\u00e1s u\u017e bol\u00ed krk \u2014 nejste sami. V\u011bt\u0161ina lid\u00ed sn\u00e1\u0161\u00ed chaotick\u00fd pracovn\u00ed prostor mnohem d\u00e9le, ne\u017e by m\u011bla, ne proto, \u017ee by jim chyb\u011bl \u010das to napravit, ale proto\u017ee nen\u00ed z\u0159ejm\u00e9, kde za\u010d\u00edt. Dobr\u00e1 zpr\u00e1va je, \u017ee odpov\u011b\u010f obvykle spo\u010d\u00edv\u00e1 v hrstce dob\u0159e vybran\u00fdch dopl\u0148k\u016f a n\u011bkolika praktick\u00fdch z\u00e1sad\u00e1ch.","og_url":"https:\/\/czech.canyon.eu\/blog\/napady-na-usporadani-pracovniho-stolu\/","og_site_name":"CANYON Blog","article_published_time":"2026-04-24T10:42:23+00:00","article_modified_time":"2026-04-24T10:42:24+00:00","og_image":[{"width":2560,"height":1707,"url":"https:\/\/czech.canyon.eu\/blog\/wp-content\/uploads\/2026\/04\/desk-scaled.jpg","type":"image\/jpeg"}],"author":"Tatiana Vankovich","twitter_card":"summary_large_image","twitter_misc":{"Napsal(a)":"Tatiana Vankovich","Odhadovan\u00e1 doba \u010dten\u00ed":"12 minut"},"schema":{"@context":"https:\/\/schema.org","@graph":[{"@type":"Article","@id":"https:\/\/czech.canyon.eu\/blog\/napady-na-usporadani-pracovniho-stolu\/#article","isPartOf":{"@id":"https:\/\/czech.canyon.eu\/blog\/napady-na-usporadani-pracovniho-stolu\/"},"author":{"name":"Tatiana Vankovich","@id":"https:\/\/czech.canyon.eu\/blog\/#\/schema\/person\/59af1387085cfa6eac49c9846eba7f39"},"headline":"N\u00e1pady na uspo\u0159\u00e1d\u00e1n\u00ed pracovn\u00edho stolu","datePublished":"2026-04-24T10:42:23+00:00","dateModified":"2026-04-24T10:42:24+00:00","mainEntityOfPage":{"@id":"https:\/\/czech.canyon.eu\/blog\/napady-na-usporadani-pracovniho-stolu\/"},"wordCount":2789,"commentCount":0,"publisher":{"@id":"https:\/\/czech.canyon.eu\/blog\/#organization"},"articleSection":["Nap\u00e1jec\u00ed za\u0159\u00edzen\u00ed","Po\u010d\u00edta\u010dov\u00e9 p\u0159\u00edslu\u0161enstv\u00ed","Pr\u016fvodce"],"inLanguage":"cs","potentialAction":[{"@type":"CommentAction","name":"Comment","target":["https:\/\/czech.canyon.eu\/blog\/napady-na-usporadani-pracovniho-stolu\/#respond"]}]},{"@type":"WebPage","@id":"https:\/\/czech.canyon.eu\/blog\/napady-na-usporadani-pracovniho-stolu\/","url":"https:\/\/czech.canyon.eu\/blog\/napady-na-usporadani-pracovniho-stolu\/","name":"N\u00e1pady na uspo\u0159\u00e1d\u00e1n\u00ed pracovn\u00edho stolu &#8211; CANYON Blog","isPartOf":{"@id":"https:\/\/czech.canyon.eu\/blog\/#website"},"datePublished":"2026-04-24T10:42:23+00:00","dateModified":"2026-04-24T10:42:24+00:00","description":"Pokud jste n\u011bkdy usedli ke sv\u00e9mu stolu a prvn\u00edch p\u011bt minut str\u00e1vili rozpl\u00e9t\u00e1n\u00edm kabel\u016f, hled\u00e1n\u00edm nab\u00edje\u010dky a se\u0159izov\u00e1n\u00edm \u017eidle, proto\u017ee v\u00e1s u\u017e bol\u00ed krk \u2014 nejste sami. V\u011bt\u0161ina lid\u00ed sn\u00e1\u0161\u00ed chaotick\u00fd pracovn\u00ed prostor mnohem d\u00e9le, ne\u017e by m\u011bla, ne proto, \u017ee by jim chyb\u011bl \u010das to napravit, ale proto\u017ee nen\u00ed z\u0159ejm\u00e9, kde za\u010d\u00edt. Dobr\u00e1 zpr\u00e1va je, \u017ee odpov\u011b\u010f obvykle spo\u010d\u00edv\u00e1 v hrstce dob\u0159e vybran\u00fdch dopl\u0148k\u016f a n\u011bkolika praktick\u00fdch z\u00e1sad\u00e1ch.","breadcrumb":{"@id":"https:\/\/czech.canyon.eu\/blog\/napady-na-usporadani-pracovniho-stolu\/#breadcrumb"},"inLanguage":"cs","potentialAction":[{"@type":"ReadAction","target":["https:\/\/czech.canyon.eu\/blog\/napady-na-usporadani-pracovniho-stolu\/"]}]},{"@type":"BreadcrumbList","@id":"https:\/\/czech.canyon.eu\/blog\/napady-na-usporadani-pracovniho-stolu\/#breadcrumb","itemListElement":[{"@type":"ListItem","position":1,"name":"Home","item":"https:\/\/czech.canyon.eu\/blog\/"},{"@type":"ListItem","position":2,"name":"Po\u010d\u00edta\u010dov\u00e9 p\u0159\u00edslu\u0161enstv\u00ed","item":"https:\/\/czech.canyon.eu\/blog\/category\/computer-accesories\/"},{"@type":"ListItem","position":3,"name":"N\u00e1pady na uspo\u0159\u00e1d\u00e1n\u00ed pracovn\u00edho stolu"}]},{"@type":"WebSite","@id":"https:\/\/czech.canyon.eu\/blog\/#website","url":"https:\/\/czech.canyon.eu\/blog\/","name":"CANYON Blog","description":"Mobile and Computer Accessories","publisher":{"@id":"https:\/\/czech.canyon.eu\/blog\/#organization"},"potentialAction":[{"@type":"SearchAction","target":{"@type":"EntryPoint","urlTemplate":"https:\/\/czech.canyon.eu\/blog\/?s={search_term_string}"},"query-input":"required name=search_term_string"}],"inLanguage":"cs"},{"@type":"Organization","@id":"https:\/\/czech.canyon.eu\/blog\/#organization","name":"Canyon","url":"https:\/\/czech.canyon.eu\/blog\/","logo":{"@type":"ImageObject","inLanguage":"cs","@id":"https:\/\/czech.canyon.eu\/blog\/#\/schema\/logo\/image\/","url":"https:\/\/canyon.eu\/blog\/wp-content\/uploads\/2023\/02\/111.png","contentUrl":"https:\/\/canyon.eu\/blog\/wp-content\/uploads\/2023\/02\/111.png","width":214,"height":79,"caption":"Canyon"},"image":{"@id":"https:\/\/czech.canyon.eu\/blog\/#\/schema\/logo\/image\/"}},{"@type":"Person","@id":"https:\/\/czech.canyon.eu\/blog\/#\/schema\/person\/59af1387085cfa6eac49c9846eba7f39","name":"Tatiana Vankovich","image":{"@type":"ImageObject","inLanguage":"cs","@id":"https:\/\/czech.canyon.eu\/blog\/#\/schema\/person\/image\/","url":"https:\/\/secure.gravatar.com\/avatar\/5141dc103cb72d654b83160b4b11f3d11282bc29e4fb5a574d83aa5d41cbef51?s=96&d=mm&r=g","contentUrl":"https:\/\/secure.gravatar.com\/avatar\/5141dc103cb72d654b83160b4b11f3d11282bc29e4fb5a574d83aa5d41cbef51?s=96&d=mm&r=g","caption":"Tatiana Vankovich"},"url":"https:\/\/czech.canyon.eu\/blog\/author\/tatiana\/"}]}},"_links":{"self":[{"href":"https:\/\/czech.canyon.eu\/blog\/wp-json\/wp\/v2\/posts\/2018","targetHints":{"allow":["GET"]}}],"collection":[{"href":"https:\/\/czech.canyon.eu\/blog\/wp-json\/wp\/v2\/posts"}],"about":[{"href":"https:\/\/czech.canyon.eu\/blog\/wp-json\/wp\/v2\/types\/post"}],"author":[{"embeddable":true,"href":"https:\/\/czech.canyon.eu\/blog\/wp-json\/wp\/v2\/users\/6"}],"replies":[{"embeddable":true,"href":"https:\/\/czech.canyon.eu\/blog\/wp-json\/wp\/v2\/comments?post=2018"}],"version-history":[{"count":2,"href":"https:\/\/czech.canyon.eu\/blog\/wp-json\/wp\/v2\/posts\/2018\/revisions"}],"predecessor-version":[{"id":2029,"href":"https:\/\/czech.canyon.eu\/blog\/wp-json\/wp\/v2\/posts\/2018\/revisions\/2029"}],"wp:featuredmedia":[{"embeddable":true,"href":"https:\/\/czech.canyon.eu\/blog\/wp-json\/wp\/v2\/media\/2027"}],"wp:attachment":[{"href":"https:\/\/czech.canyon.eu\/blog\/wp-json\/wp\/v2\/media?parent=2018"}],"wp:term":[{"taxonomy":"category","embeddable":true,"href":"https:\/\/czech.canyon.eu\/blog\/wp-json\/wp\/v2\/categories?post=2018"},{"taxonomy":"post_tag","embeddable":true,"href":"https:\/\/czech.canyon.eu\/blog\/wp-json\/wp\/v2\/tags?post=2018"}],"curies":[{"name":"wp","href":"https:\/\/api.w.org\/{rel}","templated":true}]}}