{"id":1942,"date":"2026-02-04T12:31:19","date_gmt":"2026-02-04T09:31:19","guid":{"rendered":"https:\/\/czech.canyon.eu\/blog\/?p=1942"},"modified":"2026-02-04T12:31:25","modified_gmt":"2026-02-04T09:31:25","slug":"co-darovat-priteli-nebo-manzelovi-na-valentyna-2026","status":"publish","type":"post","link":"https:\/\/czech.canyon.eu\/blog\/co-darovat-priteli-nebo-manzelovi-na-valentyna-2026\/","title":{"rendered":"Co darovat p\u0159\u00edteli nebo man\u017eelovi na Valent\u00fdna 2026"},"content":{"rendered":"\n<p>Valent\u00fdn, kter\u00fd se slav\u00ed 14. \u00fanora, je ide\u00e1ln\u00ed p\u0159\u00edle\u017eitost\u00ed uk\u00e1zat sv\u00e9 drah\u00e9 polovi\u010dce, jak moc si j\u00ed v\u00e1\u017e\u00edte. Co darovat p\u0159\u00edteli na Valent\u00fdna? N\u011bkdy m\u016f\u017ee b\u00fdt obt\u00ed\u017en\u00e9 vybrat d\u00e1rek, kter\u00fd bude z\u00e1rove\u0148 smyslupln\u00fd i praktick\u00fd a ud\u011bl\u00e1 v\u00e1\u0161 d\u00e1rek opravdu v\u00fdjime\u010dn\u00fdm. Pr\u00e1v\u011b proto je d\u016fle\u017eit\u00e9 naj\u00edt spr\u00e1vn\u00fd obchod s vhodn\u00fdmi mo\u017enostmi.<\/p>\n\n\n\n<p>Skv\u011bl\u00fd d\u00e1rek by m\u011bl odr\u00e1\u017eet osobnost, z\u00e1jmy a \u017eivotn\u00ed styl va\u0161eho partnera. Pokud hled\u00e1te, co darovat mu\u017ei k Valent\u00fdnu, a chcete, aby byl d\u00e1rek u\u017eite\u010dn\u00fd, stylov\u00fd a origin\u00e1ln\u00ed pro oslavu sv\u00e1tku l\u00e1sky v roce 2026, Canyon nab\u00edz\u00ed \u0161irokou \u0161k\u00e1lu kvalitn\u00edch dopl\u0148k\u016f, kter\u00e9 vyhov\u00ed r\u016fzn\u00fdm chut\u00edm i pot\u0159eb\u00e1m. A\u0165 u\u017e je v\u00e1\u0161 mu\u017e milovn\u00edk technologi\u00ed, hr\u00e1\u010d, outdoorov\u00fd nad\u0161enec nebo n\u011bkdo, kdo oce\u0148uje stylov\u00e9 a z\u00e1rove\u0148 funk\u010dn\u00ed gadgety, najdete zde perfektn\u00ed valent\u00fdnsk\u00fd d\u00e1rek.<\/p>\n\n\n\n<p>Obdr\u017eet d\u00e1rek 14. \u00fanora m\u016f\u017ee va\u0161emu p\u0159\u00edteli nebo man\u017eelovi dodat pocit v\u00fdjime\u010dnosti. A\u0165 u\u017e je d\u00e1rek praktick\u00fd, elegantn\u00ed, romantick\u00fd nebo jen z\u00e1bavn\u00fd \u2013 samotn\u00e9 gesto m\u00e1 zvl\u00e1\u0161tn\u00ed v\u00fdznam. Nejde o cenu, ale o my\u0161lenku, kter\u00e1 za d\u00e1rkem stoj\u00ed. Pokud tedy chcete, aby se v\u00e1\u0161 mu\u017e c\u00edtil milovan\u00fd, a hled\u00e1te ten nejlep\u0161\u00ed valent\u00fdnsk\u00fd d\u00e1rek pro p\u0159\u00edtele, pod\u00edvejme se na skv\u011bl\u00e9 mo\u017enosti od zna\u010dky Canyon.<\/p>\n\n\n\n<h2 id=\"nejlepsi-darky-pro-pritele-nebo-manzela-od-canyon\" class=\"wp-block-heading\"><strong>Nejlep\u0161\u00ed d\u00e1rky pro p\u0159\u00edtele nebo man\u017eela od Canyon<\/strong><\/h2>\n\n\n\n<p>Tak co darovat man\u017eelovi k Valent\u00fdnu? Canyon je zn\u00e1m\u00fd sv\u00fdmi kvalitn\u00edmi technologick\u00fdmi dopl\u0148ky, gadgety a p\u0159\u00edslu\u0161enstv\u00edm, kter\u00e9 vyhovuj\u00ed r\u016fzn\u00fdm \u017eivotn\u00edm styl\u016fm. Zde jsou n\u011bkter\u00e9 z valent\u00fdnsk\u00fdch d\u00e1rk\u016f, kter\u00e9 budou pro va\u0161eho mu\u017ee ide\u00e1ln\u00ed:<\/p>\n\n\n\n<h3 id=\"chytre-hodinky\" class=\"wp-block-heading\"><strong>Chytr\u00e9 hodinky<\/strong><\/h3>\n\n\n\n<p>Pokud v\u00e1\u0161 p\u0159\u00edtel nebo man\u017eel miluje fitness nebo pot\u0159ebuje m\u00edt p\u0159ehled o sv\u00e9m dni, chytr\u00e9 hodinky jsou skv\u011blou volbou. Chytr\u00e9 hodinky Canyon nab\u00edzej\u00ed funkce jako GPS sledov\u00e1n\u00ed, m\u011b\u0159en\u00ed srde\u010dn\u00edho tepu a notifikace, kter\u00e9 mu pomohou udr\u017eet si p\u0159ehled o zdrav\u00ed i pl\u00e1nech.<\/p>\n\n\n\n<figure class=\"wp-block-image size-full\"><img loading=\"lazy\" decoding=\"async\" width=\"850\" height=\"567\" src=\"https:\/\/czech.canyon.eu\/blog\/wp-content\/uploads\/2026\/02\/19172scr_e4ae1841903d497.jpg\" alt=\"Chytr\u00e9 hodinky\" class=\"wp-image-1943\" srcset=\"https:\/\/czech.canyon.eu\/blog\/wp-content\/uploads\/2026\/02\/19172scr_e4ae1841903d497.jpg 850w, https:\/\/czech.canyon.eu\/blog\/wp-content\/uploads\/2026\/02\/19172scr_e4ae1841903d497-300x200.jpg 300w, https:\/\/czech.canyon.eu\/blog\/wp-content\/uploads\/2026\/02\/19172scr_e4ae1841903d497-768x512.jpg 768w, https:\/\/czech.canyon.eu\/blog\/wp-content\/uploads\/2026\/02\/19172scr_e4ae1841903d497-390x260.jpg 390w, https:\/\/czech.canyon.eu\/blog\/wp-content\/uploads\/2026\/02\/19172scr_e4ae1841903d497-820x547.jpg 820w\" sizes=\"auto, (max-width: 850px) 100vw, 850px\" \/><\/figure>\n\n\n\n<h3 id=\"bezdratova-sluchatka\" class=\"wp-block-heading\"><strong>Bezdr\u00e1tov\u00e1 sluch\u00e1tka<\/strong><\/h3>\n\n\n\n<p>Pro mu\u017ee, kte\u0159\u00ed miluj\u00ed hudbu, jsou bezdr\u00e1tov\u00e1 sluch\u00e1tka nezbytnost\u00ed. Kvalitn\u00ed sluch\u00e1tka Canyon poskytuj\u00ed skv\u011bl\u00fd zvuk, dlouhou v\u00fddr\u017e baterie a pohodln\u00e9 no\u0161en\u00ed \u2014 ide\u00e1ln\u00ed na cvi\u010den\u00ed, cestov\u00e1n\u00ed nebo relax s obl\u00edbenou hudbou.<\/p>\n\n\n\n<figure class=\"wp-block-image size-full\"><img loading=\"lazy\" decoding=\"async\" width=\"850\" height=\"567\" src=\"https:\/\/czech.canyon.eu\/blog\/wp-content\/uploads\/2026\/02\/20354scr_48291d6f5189159.jpg\" alt=\"Bezdr\u00e1tov\u00e1 sluch\u00e1tka\" class=\"wp-image-1944\" srcset=\"https:\/\/czech.canyon.eu\/blog\/wp-content\/uploads\/2026\/02\/20354scr_48291d6f5189159.jpg 850w, https:\/\/czech.canyon.eu\/blog\/wp-content\/uploads\/2026\/02\/20354scr_48291d6f5189159-300x200.jpg 300w, https:\/\/czech.canyon.eu\/blog\/wp-content\/uploads\/2026\/02\/20354scr_48291d6f5189159-768x512.jpg 768w, https:\/\/czech.canyon.eu\/blog\/wp-content\/uploads\/2026\/02\/20354scr_48291d6f5189159-390x260.jpg 390w, https:\/\/czech.canyon.eu\/blog\/wp-content\/uploads\/2026\/02\/20354scr_48291d6f5189159-820x547.jpg 820w\" sizes=\"auto, (max-width: 850px) 100vw, 850px\" \/><\/figure>\n\n\n\n<h3 id=\"bluetooth-reproduktor\" class=\"wp-block-heading\"><strong>Bluetooth reproduktor<\/strong><\/h3>\n\n\n\n<p>P\u0159enosn\u00fd Bluetooth reproduktor je stylov\u00fd a praktick\u00fd dopln\u011bk. A\u0165 u\u017e je doma, na cest\u00e1ch nebo na pikniku, kompaktn\u00ed a v\u00fdkonn\u00e9 reproduktory Canyon zajist\u00ed \u0161pi\u010dkovou kvalitu zvuku.<\/p>\n\n\n\n<figure class=\"wp-block-image size-full\"><img loading=\"lazy\" decoding=\"async\" width=\"850\" height=\"690\" src=\"https:\/\/czech.canyon.eu\/blog\/wp-content\/uploads\/2026\/02\/btspeaker.jpg\" alt=\"Bluetooth reproduktor\" class=\"wp-image-1945\" srcset=\"https:\/\/czech.canyon.eu\/blog\/wp-content\/uploads\/2026\/02\/btspeaker.jpg 850w, https:\/\/czech.canyon.eu\/blog\/wp-content\/uploads\/2026\/02\/btspeaker-300x244.jpg 300w, https:\/\/czech.canyon.eu\/blog\/wp-content\/uploads\/2026\/02\/btspeaker-768x623.jpg 768w, https:\/\/czech.canyon.eu\/blog\/wp-content\/uploads\/2026\/02\/btspeaker-390x317.jpg 390w, https:\/\/czech.canyon.eu\/blog\/wp-content\/uploads\/2026\/02\/btspeaker-820x666.jpg 820w\" sizes=\"auto, (max-width: 850px) 100vw, 850px\" \/><\/figure>\n\n\n\n<h3 id=\"powerbanka\" class=\"wp-block-heading\"><strong>Powerbanka<\/strong><\/h3>\n\n\n\n<p>Pokud v\u00e1\u0161 p\u0159\u00edtel nebo man\u017eel \u010dasto cestuje, powerbanka je nepostradateln\u00fdm pomocn\u00edkem. Vysokokapacitn\u00ed powerbanky Canyon mu umo\u017en\u00ed m\u00edt sv\u00e1 za\u0159\u00edzen\u00ed nabit\u00e1 po cel\u00fd den.<\/p>\n\n\n\n<figure class=\"wp-block-image size-full\"><img loading=\"lazy\" decoding=\"async\" width=\"850\" height=\"680\" src=\"https:\/\/czech.canyon.eu\/blog\/wp-content\/uploads\/2026\/02\/powerbank.jpg\" alt=\"Powerbanka\" class=\"wp-image-1946\" srcset=\"https:\/\/czech.canyon.eu\/blog\/wp-content\/uploads\/2026\/02\/powerbank.jpg 850w, https:\/\/czech.canyon.eu\/blog\/wp-content\/uploads\/2026\/02\/powerbank-300x240.jpg 300w, https:\/\/czech.canyon.eu\/blog\/wp-content\/uploads\/2026\/02\/powerbank-768x614.jpg 768w, https:\/\/czech.canyon.eu\/blog\/wp-content\/uploads\/2026\/02\/powerbank-390x312.jpg 390w, https:\/\/czech.canyon.eu\/blog\/wp-content\/uploads\/2026\/02\/powerbank-820x656.jpg 820w\" sizes=\"auto, (max-width: 850px) 100vw, 850px\" \/><\/figure>\n\n\n\n<h3 id=\"herni-mys\" class=\"wp-block-heading\"><strong>Hern\u00ed my\u0161<\/strong><\/h3>\n\n\n\n<p>Pokud se v\u011bnuje hran\u00ed her, hern\u00ed my\u0161 je skv\u011bl\u00fdm a promy\u0161len\u00fdm valent\u00fdnsk\u00fdm d\u00e1rkem. Ergonomick\u00e9 a citliv\u00e9 my\u0161i Canyon zlep\u0161uj\u00ed p\u0159esnost a pohodl\u00ed i p\u0159i dlouh\u00fdch hern\u00edch seanc\u00edch.<\/p>\n\n\n\n<figure class=\"wp-block-image size-full\"><img loading=\"lazy\" decoding=\"async\" width=\"850\" height=\"567\" src=\"https:\/\/czech.canyon.eu\/blog\/wp-content\/uploads\/2026\/02\/gaming_mouse-1.jpg\" alt=\"Hern\u00ed my\u0161\" class=\"wp-image-1947\" srcset=\"https:\/\/czech.canyon.eu\/blog\/wp-content\/uploads\/2026\/02\/gaming_mouse-1.jpg 850w, https:\/\/czech.canyon.eu\/blog\/wp-content\/uploads\/2026\/02\/gaming_mouse-1-300x200.jpg 300w, https:\/\/czech.canyon.eu\/blog\/wp-content\/uploads\/2026\/02\/gaming_mouse-1-768x512.jpg 768w, https:\/\/czech.canyon.eu\/blog\/wp-content\/uploads\/2026\/02\/gaming_mouse-1-390x260.jpg 390w, https:\/\/czech.canyon.eu\/blog\/wp-content\/uploads\/2026\/02\/gaming_mouse-1-820x547.jpg 820w\" sizes=\"auto, (max-width: 850px) 100vw, 850px\" \/><\/figure>\n\n\n\n<h3 id=\"mechanicka-klavesnice\" class=\"wp-block-heading\"><strong>Mechanick\u00e1 kl\u00e1vesnice<\/strong><\/h3>\n\n\n\n<p>Kvalitn\u00ed mechanick\u00e1 kl\u00e1vesnice m\u016f\u017ee v\u00fdrazn\u011b zm\u011bnit pr\u00e1ci i hran\u00ed her. Kl\u00e1vesnice Canyon nab\u00edzej\u00ed rychlou odezvu a p\u0159\u00edjemn\u00fd pocit p\u0159i psan\u00ed, p\u0159i\u010dem\u017e jsou navr\u017eeny s ohledem na pohodl\u00ed u\u017eivatele.<\/p>\n\n\n\n<figure class=\"wp-block-image size-full\"><img loading=\"lazy\" decoding=\"async\" width=\"850\" height=\"567\" src=\"https:\/\/czech.canyon.eu\/blog\/wp-content\/uploads\/2026\/02\/keyboard.jpg\" alt=\"Mechanick\u00e1 kl\u00e1vesnice\" class=\"wp-image-1948\" srcset=\"https:\/\/czech.canyon.eu\/blog\/wp-content\/uploads\/2026\/02\/keyboard.jpg 850w, https:\/\/czech.canyon.eu\/blog\/wp-content\/uploads\/2026\/02\/keyboard-300x200.jpg 300w, https:\/\/czech.canyon.eu\/blog\/wp-content\/uploads\/2026\/02\/keyboard-768x512.jpg 768w, https:\/\/czech.canyon.eu\/blog\/wp-content\/uploads\/2026\/02\/keyboard-390x260.jpg 390w, https:\/\/czech.canyon.eu\/blog\/wp-content\/uploads\/2026\/02\/keyboard-820x547.jpg 820w\" sizes=\"auto, (max-width: 850px) 100vw, 850px\" \/><\/figure>\n\n\n\n<h3 id=\"drzak-telefonu-do-auta\" class=\"wp-block-heading\"><strong>Dr\u017e\u00e1k telefonu do auta<\/strong><\/h3>\n\n\n\n<p>Dr\u017e\u00e1k telefonu do auta je praktick\u00fd d\u00e1rek pro mu\u017ee, kte\u0159\u00ed \u010dasto \u0159\u00edd\u00ed. Dr\u017e\u00e1ky Canyon jsou stabiln\u00ed, pevn\u00e9 a nastaviteln\u00e9, d\u00edky \u010demu\u017e je navigace bezpe\u010dn\u011bj\u0161\u00ed a pohodln\u011bj\u0161\u00ed.<\/p>\n\n\n\n<figure class=\"wp-block-image size-full\"><img loading=\"lazy\" decoding=\"async\" width=\"850\" height=\"567\" src=\"https:\/\/czech.canyon.eu\/blog\/wp-content\/uploads\/2026\/02\/phone-holder.jpg\" alt=\"Dr\u017e\u00e1k telefonu do auta\" class=\"wp-image-1949\" srcset=\"https:\/\/czech.canyon.eu\/blog\/wp-content\/uploads\/2026\/02\/phone-holder.jpg 850w, https:\/\/czech.canyon.eu\/blog\/wp-content\/uploads\/2026\/02\/phone-holder-300x200.jpg 300w, https:\/\/czech.canyon.eu\/blog\/wp-content\/uploads\/2026\/02\/phone-holder-768x512.jpg 768w, https:\/\/czech.canyon.eu\/blog\/wp-content\/uploads\/2026\/02\/phone-holder-390x260.jpg 390w, https:\/\/czech.canyon.eu\/blog\/wp-content\/uploads\/2026\/02\/phone-holder-820x547.jpg 820w\" sizes=\"auto, (max-width: 850px) 100vw, 850px\" \/><\/figure>\n\n\n\n<h3 id=\"usb-rozbocovac\" class=\"wp-block-heading\"><strong>USB rozbo\u010dova\u010d<\/strong><\/h3>\n\n\n\n<p>Pokud v\u00e1\u0161 partner pou\u017e\u00edv\u00e1 v\u00edce za\u0159\u00edzen\u00ed, USB hub mu umo\u017en\u00ed p\u0159ipojit v\u0161e najednou. Jde o kompaktn\u00ed a efektivn\u00ed \u0159e\u0161en\u00ed pro dom\u00e1c\u00ed i kancel\u00e1\u0159sk\u00e9 pou\u017eit\u00ed.<\/p>\n\n\n\n<figure class=\"wp-block-image size-full\"><img loading=\"lazy\" decoding=\"async\" width=\"850\" height=\"680\" src=\"https:\/\/czech.canyon.eu\/blog\/wp-content\/uploads\/2026\/02\/usbhub.jpg\" alt=\"USB rozbo\u010dova\u010d\" class=\"wp-image-1950\" srcset=\"https:\/\/czech.canyon.eu\/blog\/wp-content\/uploads\/2026\/02\/usbhub.jpg 850w, https:\/\/czech.canyon.eu\/blog\/wp-content\/uploads\/2026\/02\/usbhub-300x240.jpg 300w, https:\/\/czech.canyon.eu\/blog\/wp-content\/uploads\/2026\/02\/usbhub-768x614.jpg 768w, https:\/\/czech.canyon.eu\/blog\/wp-content\/uploads\/2026\/02\/usbhub-390x312.jpg 390w, https:\/\/czech.canyon.eu\/blog\/wp-content\/uploads\/2026\/02\/usbhub-820x656.jpg 820w\" sizes=\"auto, (max-width: 850px) 100vw, 850px\" \/><\/figure>\n\n\n\n<h3 id=\"bezdratova-nabijeci-podlozka-pod-mys\" class=\"wp-block-heading\"><strong>Bezdr\u00e1tov\u00e1 nab\u00edjec\u00ed podlo\u017eka pod my\u0161<\/strong><\/h3>\n\n\n\n<p>Bezdr\u00e1tov\u00e1 nab\u00edjec\u00ed podlo\u017eka Canyon kombinuje nab\u00edjen\u00ed za\u0159\u00edzen\u00ed a hladk\u00fd povrch pro my\u0161. Skv\u011bl\u00fd d\u00e1rek zejm\u00e9na pro fanou\u0161ky her.<\/p>\n\n\n\n<figure class=\"wp-block-image size-full\"><img loading=\"lazy\" decoding=\"async\" width=\"850\" height=\"451\" src=\"https:\/\/czech.canyon.eu\/blog\/wp-content\/uploads\/2026\/02\/chargining_mouse_pad.jpg\" alt=\"Bezdr\u00e1tov\u00e1 nab\u00edjec\u00ed podlo\u017eka pod my\u0161\" class=\"wp-image-1951\" srcset=\"https:\/\/czech.canyon.eu\/blog\/wp-content\/uploads\/2026\/02\/chargining_mouse_pad.jpg 850w, https:\/\/czech.canyon.eu\/blog\/wp-content\/uploads\/2026\/02\/chargining_mouse_pad-300x159.jpg 300w, https:\/\/czech.canyon.eu\/blog\/wp-content\/uploads\/2026\/02\/chargining_mouse_pad-768x407.jpg 768w, https:\/\/czech.canyon.eu\/blog\/wp-content\/uploads\/2026\/02\/chargining_mouse_pad-390x207.jpg 390w, https:\/\/czech.canyon.eu\/blog\/wp-content\/uploads\/2026\/02\/chargining_mouse_pad-820x435.jpg 820w\" sizes=\"auto, (max-width: 850px) 100vw, 850px\" \/><\/figure>\n\n\n\n<h3 id=\"stojan-na-notebook\" class=\"wp-block-heading\"><strong>Stojan na notebook<\/strong><\/h3>\n\n\n\n<p>Pomozte mu zlep\u0161it dr\u017een\u00ed t\u011bla p\u0159i pr\u00e1ci pomoc\u00ed nastaviteln\u00e9ho stojanu na notebook. Ergonomick\u00e9 designy Canyon zvy\u0161uj\u00ed komfort p\u0159i pr\u00e1ci i hran\u00ed.<\/p>\n\n\n\n<figure class=\"wp-block-image size-full\"><img loading=\"lazy\" decoding=\"async\" width=\"850\" height=\"478\" src=\"https:\/\/czech.canyon.eu\/blog\/wp-content\/uploads\/2026\/02\/stand.jpg\" alt=\"Stojan na notebook\" class=\"wp-image-1952\" srcset=\"https:\/\/czech.canyon.eu\/blog\/wp-content\/uploads\/2026\/02\/stand.jpg 850w, https:\/\/czech.canyon.eu\/blog\/wp-content\/uploads\/2026\/02\/stand-300x169.jpg 300w, https:\/\/czech.canyon.eu\/blog\/wp-content\/uploads\/2026\/02\/stand-768x432.jpg 768w, https:\/\/czech.canyon.eu\/blog\/wp-content\/uploads\/2026\/02\/stand-390x219.jpg 390w, https:\/\/czech.canyon.eu\/blog\/wp-content\/uploads\/2026\/02\/stand-820x461.jpg 820w\" sizes=\"auto, (max-width: 850px) 100vw, 850px\" \/><\/figure>\n\n\n\n<h3 id=\"autokamera-dash-kamera\" class=\"wp-block-heading\"><strong><strong>Autokamera (dash kamera)<\/strong><\/strong><\/h3>\n\n\n\n<p>Autokamera je praktick\u00fd a promy\u0161len\u00fd d\u00e1rek pro mu\u017ee, kte\u0159\u00ed \u010dasto \u0159\u00edd\u00ed. Kvalitn\u00ed kamery Canyon poskytuj\u00ed ostr\u00fd z\u00e1znam a vy\u0161\u0161\u00ed bezpe\u010dnost na silnici.<\/p>\n\n\n\n<figure class=\"wp-block-image size-full\"><img loading=\"lazy\" decoding=\"async\" width=\"850\" height=\"567\" src=\"https:\/\/czech.canyon.eu\/blog\/wp-content\/uploads\/2026\/02\/camera.jpg\" alt=\"Autokamera (dash kamera)\" class=\"wp-image-1953\" srcset=\"https:\/\/czech.canyon.eu\/blog\/wp-content\/uploads\/2026\/02\/camera.jpg 850w, https:\/\/czech.canyon.eu\/blog\/wp-content\/uploads\/2026\/02\/camera-300x200.jpg 300w, https:\/\/czech.canyon.eu\/blog\/wp-content\/uploads\/2026\/02\/camera-768x512.jpg 768w, https:\/\/czech.canyon.eu\/blog\/wp-content\/uploads\/2026\/02\/camera-390x260.jpg 390w, https:\/\/czech.canyon.eu\/blog\/wp-content\/uploads\/2026\/02\/camera-820x547.jpg 820w\" sizes=\"auto, (max-width: 850px) 100vw, 850px\" \/><\/figure>\n\n\n\n<h3 id=\"fitness-naramek\" class=\"wp-block-heading\"><strong>Fitness n\u00e1ramek<\/strong><\/h3>\n\n\n\n<p>Pro aktivn\u00ed mu\u017ee je fitness n\u00e1ramek ide\u00e1ln\u00ed pomocn\u00edk pro sledov\u00e1n\u00ed tr\u00e9nink\u016f, krok\u016f a sp\u00e1len\u00fdch kalori\u00ed. Stylov\u00e9 a cenov\u011b dostupn\u00e9 modely Canyon jsou ide\u00e1ln\u00ed pro ka\u017edodenn\u00ed no\u0161en\u00ed.<\/p>\n\n\n\n<figure class=\"wp-block-image size-full\"><img loading=\"lazy\" decoding=\"async\" width=\"850\" height=\"567\" src=\"https:\/\/czech.canyon.eu\/blog\/wp-content\/uploads\/2026\/02\/band.jpg\" alt=\"Fitness n\u00e1ramek\" class=\"wp-image-1954\" srcset=\"https:\/\/czech.canyon.eu\/blog\/wp-content\/uploads\/2026\/02\/band.jpg 850w, https:\/\/czech.canyon.eu\/blog\/wp-content\/uploads\/2026\/02\/band-300x200.jpg 300w, https:\/\/czech.canyon.eu\/blog\/wp-content\/uploads\/2026\/02\/band-768x512.jpg 768w, https:\/\/czech.canyon.eu\/blog\/wp-content\/uploads\/2026\/02\/band-390x260.jpg 390w, https:\/\/czech.canyon.eu\/blog\/wp-content\/uploads\/2026\/02\/band-820x547.jpg 820w\" sizes=\"auto, (max-width: 850px) 100vw, 850px\" \/><\/figure>\n\n\n\n<h3 id=\"solarni-nabijecka\" class=\"wp-block-heading\"><strong>Sol\u00e1rn\u00ed nab\u00edje\u010dka<\/strong><\/h3>\n\n\n\n<p>Sol\u00e1rn\u00ed nab\u00edje\u010dka je skv\u011bl\u00fdm d\u00e1rkem pro dobrodruhy a milovn\u00edky p\u0159\u00edrody. Ekologick\u00e1 \u0159e\u0161en\u00ed Canyon udr\u017e\u00ed za\u0159\u00edzen\u00ed nabit\u00e1 p\u0159i kempov\u00e1n\u00ed, turistice nebo cestov\u00e1n\u00ed.<\/p>\n\n\n\n<figure class=\"wp-block-image size-full\"><img loading=\"lazy\" decoding=\"async\" width=\"850\" height=\"850\" src=\"https:\/\/czech.canyon.eu\/blog\/wp-content\/uploads\/2026\/02\/solar-panel.jpg\" alt=\"Sol\u00e1rn\u00ed nab\u00edje\u010dka\" class=\"wp-image-1955\" srcset=\"https:\/\/czech.canyon.eu\/blog\/wp-content\/uploads\/2026\/02\/solar-panel.jpg 850w, https:\/\/czech.canyon.eu\/blog\/wp-content\/uploads\/2026\/02\/solar-panel-300x300.jpg 300w, https:\/\/czech.canyon.eu\/blog\/wp-content\/uploads\/2026\/02\/solar-panel-150x150.jpg 150w, https:\/\/czech.canyon.eu\/blog\/wp-content\/uploads\/2026\/02\/solar-panel-768x768.jpg 768w, https:\/\/czech.canyon.eu\/blog\/wp-content\/uploads\/2026\/02\/solar-panel-80x80.jpg 80w, https:\/\/czech.canyon.eu\/blog\/wp-content\/uploads\/2026\/02\/solar-panel-390x390.jpg 390w, https:\/\/czech.canyon.eu\/blog\/wp-content\/uploads\/2026\/02\/solar-panel-820x820.jpg 820w\" sizes=\"auto, (max-width: 850px) 100vw, 850px\" \/><\/figure>\n\n\n\n<h3 id=\"sluchatka-s-potlacenim-hluku\" class=\"wp-block-heading\"><strong>Sluch\u00e1tka s potla\u010den\u00edm hluku<\/strong><\/h3>\n\n\n\n<p>Pokud v\u00e1\u0161 mu\u017e \u010dasto cestuje nebo pracuje v hlu\u010dn\u00e9m prost\u0159ed\u00ed, sluch\u00e1tka s potla\u010den\u00edm hluku mu pomohou soust\u0159edit se a relaxovat.<\/p>\n\n\n\n<figure class=\"wp-block-image size-full\"><img loading=\"lazy\" decoding=\"async\" width=\"850\" height=\"566\" src=\"https:\/\/czech.canyon.eu\/blog\/wp-content\/uploads\/2026\/02\/headphones.jpg\" alt=\"Sluch\u00e1tka s potla\u010den\u00edm hluku\" class=\"wp-image-1956\" srcset=\"https:\/\/czech.canyon.eu\/blog\/wp-content\/uploads\/2026\/02\/headphones.jpg 850w, https:\/\/czech.canyon.eu\/blog\/wp-content\/uploads\/2026\/02\/headphones-300x200.jpg 300w, https:\/\/czech.canyon.eu\/blog\/wp-content\/uploads\/2026\/02\/headphones-768x511.jpg 768w, https:\/\/czech.canyon.eu\/blog\/wp-content\/uploads\/2026\/02\/headphones-390x260.jpg 390w, https:\/\/czech.canyon.eu\/blog\/wp-content\/uploads\/2026\/02\/headphones-820x546.jpg 820w\" sizes=\"auto, (max-width: 850px) 100vw, 850px\" \/><\/figure>\n\n\n\n<h3 id=\"stabilizator-gimbal-pro-smartphone\" class=\"wp-block-heading\"><strong>Stabiliz\u00e1tor (gimbal) pro smartphone<\/strong><\/h3>\n\n\n\n<p>Pro mu\u017ee, kter\u00fd r\u00e1d nat\u00e1\u010d\u00ed videa, gimbal zajist\u00ed stabiln\u00ed a profesion\u00e1ln\u011b vypadaj\u00edc\u00ed z\u00e1znamy a posune jeho kon\u00ed\u010dek na vy\u0161\u0161\u00ed \u00farove\u0148.<\/p>\n\n\n\n<figure class=\"wp-block-image size-large\"><img loading=\"lazy\" decoding=\"async\" width=\"1024\" height=\"683\" src=\"https:\/\/czech.canyon.eu\/blog\/wp-content\/uploads\/2026\/02\/smartphone_gimbal-1024x683.jpg\" alt=\"Stabiliz\u00e1tor (gimbal) pro smartphone\" class=\"wp-image-1957\" srcset=\"https:\/\/czech.canyon.eu\/blog\/wp-content\/uploads\/2026\/02\/smartphone_gimbal-1024x683.jpg 1024w, https:\/\/czech.canyon.eu\/blog\/wp-content\/uploads\/2026\/02\/smartphone_gimbal-300x200.jpg 300w, https:\/\/czech.canyon.eu\/blog\/wp-content\/uploads\/2026\/02\/smartphone_gimbal-768x512.jpg 768w, https:\/\/czech.canyon.eu\/blog\/wp-content\/uploads\/2026\/02\/smartphone_gimbal-1536x1024.jpg 1536w, https:\/\/czech.canyon.eu\/blog\/wp-content\/uploads\/2026\/02\/smartphone_gimbal-2048x1365.jpg 2048w, https:\/\/czech.canyon.eu\/blog\/wp-content\/uploads\/2026\/02\/smartphone_gimbal-390x260.jpg 390w, https:\/\/czech.canyon.eu\/blog\/wp-content\/uploads\/2026\/02\/smartphone_gimbal-820x547.jpg 820w, https:\/\/czech.canyon.eu\/blog\/wp-content\/uploads\/2026\/02\/smartphone_gimbal-1180x787.jpg 1180w, https:\/\/czech.canyon.eu\/blog\/wp-content\/uploads\/2026\/02\/smartphone_gimbal-scaled.jpg 2560w\" sizes=\"auto, (max-width: 1024px) 100vw, 1024px\" \/><\/figure>\n\n\n\n<h3 id=\"vr-headset\" class=\"wp-block-heading\"><strong>VR headset<\/strong><\/h3>\n\n\n\n<p>VR headset je origin\u00e1ln\u00ed a p\u016fsobiv\u00fd valent\u00fdnsk\u00fd d\u00e1rek, kter\u00fd nab\u00eddne pohlcuj\u00edc\u00ed z\u00e1bavu a doslova nov\u00fd pohled na sv\u011bt.<\/p>\n\n\n\n<figure class=\"wp-block-image size-large\"><img loading=\"lazy\" decoding=\"async\" width=\"1024\" height=\"683\" src=\"https:\/\/czech.canyon.eu\/blog\/wp-content\/uploads\/2026\/02\/vr-1024x683.jpg\" alt=\"VR headset\" class=\"wp-image-1959\" srcset=\"https:\/\/czech.canyon.eu\/blog\/wp-content\/uploads\/2026\/02\/vr-1024x683.jpg 1024w, https:\/\/czech.canyon.eu\/blog\/wp-content\/uploads\/2026\/02\/vr-300x200.jpg 300w, https:\/\/czech.canyon.eu\/blog\/wp-content\/uploads\/2026\/02\/vr-768x512.jpg 768w, https:\/\/czech.canyon.eu\/blog\/wp-content\/uploads\/2026\/02\/vr-1536x1024.jpg 1536w, https:\/\/czech.canyon.eu\/blog\/wp-content\/uploads\/2026\/02\/vr-2048x1365.jpg 2048w, https:\/\/czech.canyon.eu\/blog\/wp-content\/uploads\/2026\/02\/vr-390x260.jpg 390w, https:\/\/czech.canyon.eu\/blog\/wp-content\/uploads\/2026\/02\/vr-820x547.jpg 820w, https:\/\/czech.canyon.eu\/blog\/wp-content\/uploads\/2026\/02\/vr-1180x787.jpg 1180w, https:\/\/czech.canyon.eu\/blog\/wp-content\/uploads\/2026\/02\/vr-scaled.jpg 2560w\" sizes=\"auto, (max-width: 1024px) 100vw, 1024px\" \/><\/figure>\n\n\n\n<h3 id=\"chytra-zasuvka\" class=\"wp-block-heading\"><strong>Chytr\u00e1 z\u00e1suvka<\/strong><\/h3>\n\n\n\n<p>Chytr\u00e1 z\u00e1suvka umo\u017e\u0148uje ovl\u00e1dat spot\u0159ebi\u010de na d\u00e1lku a d\u011bl\u00e1 dom\u00e1cnost pohodln\u011bj\u0161\u00ed a modern\u011bj\u0161\u00ed. Skv\u011bl\u00fd d\u00e1rek pro milovn\u00edky praktick\u00fdch \u0159e\u0161en\u00ed.<\/p>\n\n\n\n<figure class=\"wp-block-image size-full\"><img loading=\"lazy\" decoding=\"async\" width=\"850\" height=\"661\" src=\"https:\/\/czech.canyon.eu\/blog\/wp-content\/uploads\/2026\/02\/plug.jpg\" alt=\"Chytr\u00e1 z\u00e1suvka\" class=\"wp-image-1958\" srcset=\"https:\/\/czech.canyon.eu\/blog\/wp-content\/uploads\/2026\/02\/plug.jpg 850w, https:\/\/czech.canyon.eu\/blog\/wp-content\/uploads\/2026\/02\/plug-300x233.jpg 300w, https:\/\/czech.canyon.eu\/blog\/wp-content\/uploads\/2026\/02\/plug-768x597.jpg 768w, https:\/\/czech.canyon.eu\/blog\/wp-content\/uploads\/2026\/02\/plug-390x303.jpg 390w, https:\/\/czech.canyon.eu\/blog\/wp-content\/uploads\/2026\/02\/plug-820x638.jpg 820w\" sizes=\"auto, (max-width: 850px) 100vw, 850px\" \/><\/figure>\n\n\n\n<h3 id=\"ergonomicky-batoh\" class=\"wp-block-heading\"><strong>Ergonomick\u00fd batoh<\/strong><\/h3>\n\n\n\n<p>Ergonomick\u00e9 batohy Canyon jsou pohodln\u00e9, stylov\u00e9 a prostorn\u00e9, ide\u00e1ln\u00ed pro ka\u017edodenn\u00ed pou\u017eit\u00ed i cestov\u00e1n\u00ed. Jsou navr\u017eeny tak, aby sni\u017eovaly z\u00e1t\u011b\u017e ramen i p\u0159i vy\u0161\u0161\u00ed hmotnosti.<\/p>\n\n\n\n<figure class=\"wp-block-image size-full\"><img loading=\"lazy\" decoding=\"async\" width=\"850\" height=\"850\" src=\"https:\/\/czech.canyon.eu\/blog\/wp-content\/uploads\/2026\/02\/Backpack.jpg\" alt=\"Ergonomick\u00fd batoh\" class=\"wp-image-1960\" srcset=\"https:\/\/czech.canyon.eu\/blog\/wp-content\/uploads\/2026\/02\/Backpack.jpg 850w, https:\/\/czech.canyon.eu\/blog\/wp-content\/uploads\/2026\/02\/Backpack-300x300.jpg 300w, https:\/\/czech.canyon.eu\/blog\/wp-content\/uploads\/2026\/02\/Backpack-150x150.jpg 150w, https:\/\/czech.canyon.eu\/blog\/wp-content\/uploads\/2026\/02\/Backpack-768x768.jpg 768w, https:\/\/czech.canyon.eu\/blog\/wp-content\/uploads\/2026\/02\/Backpack-80x80.jpg 80w, https:\/\/czech.canyon.eu\/blog\/wp-content\/uploads\/2026\/02\/Backpack-390x390.jpg 390w, https:\/\/czech.canyon.eu\/blog\/wp-content\/uploads\/2026\/02\/Backpack-820x820.jpg 820w\" sizes=\"auto, (max-width: 850px) 100vw, 850px\" \/><\/figure>\n\n\n\n<h3 id=\"stojan-na-tablet\" class=\"wp-block-heading\"><strong>Stojan na tablet<\/strong><\/h3>\n\n\n\n<p>Pokud pou\u017e\u00edv\u00e1 tablet k pr\u00e1ci nebo z\u00e1bav\u011b, stojan umo\u017en\u00ed pohodln\u00e9 sledov\u00e1n\u00ed bez nutnosti dr\u017een\u00ed v ruce.<\/p>\n\n\n\n<figure class=\"wp-block-image size-large\"><img loading=\"lazy\" decoding=\"async\" width=\"1024\" height=\"683\" src=\"https:\/\/czech.canyon.eu\/blog\/wp-content\/uploads\/2026\/02\/Tablet-Stand-1024x683.jpg\" alt=\"Stojan na tablet\" class=\"wp-image-1961\" srcset=\"https:\/\/czech.canyon.eu\/blog\/wp-content\/uploads\/2026\/02\/Tablet-Stand-1024x683.jpg 1024w, https:\/\/czech.canyon.eu\/blog\/wp-content\/uploads\/2026\/02\/Tablet-Stand-300x200.jpg 300w, https:\/\/czech.canyon.eu\/blog\/wp-content\/uploads\/2026\/02\/Tablet-Stand-768x512.jpg 768w, https:\/\/czech.canyon.eu\/blog\/wp-content\/uploads\/2026\/02\/Tablet-Stand-1536x1024.jpg 1536w, https:\/\/czech.canyon.eu\/blog\/wp-content\/uploads\/2026\/02\/Tablet-Stand-2048x1365.jpg 2048w, https:\/\/czech.canyon.eu\/blog\/wp-content\/uploads\/2026\/02\/Tablet-Stand-390x260.jpg 390w, https:\/\/czech.canyon.eu\/blog\/wp-content\/uploads\/2026\/02\/Tablet-Stand-820x547.jpg 820w, https:\/\/czech.canyon.eu\/blog\/wp-content\/uploads\/2026\/02\/Tablet-Stand-1180x787.jpg 1180w, https:\/\/czech.canyon.eu\/blog\/wp-content\/uploads\/2026\/02\/Tablet-Stand-scaled.jpg 2560w\" sizes=\"auto, (max-width: 1024px) 100vw, 1024px\" \/><\/figure>\n\n\n\n<h3 id=\"led-stolni-lampa\" class=\"wp-block-heading\"><strong>LED stoln\u00ed lampa<\/strong><\/h3>\n\n\n\n<p>Stylov\u00e1 a nastaviteln\u00e1 LED lampa je ide\u00e1ln\u00ed pro ve\u010dern\u00ed pr\u00e1ci nebo hern\u00ed seance a dod\u00e1 pracovn\u00edmu stolu osobit\u00fd vzhled.<\/p>\n\n\n\n<figure class=\"wp-block-image size-large\"><img loading=\"lazy\" decoding=\"async\" width=\"1024\" height=\"683\" src=\"https:\/\/czech.canyon.eu\/blog\/wp-content\/uploads\/2026\/02\/LED_Lamp-1024x683.jpg\" alt=\"LED stoln\u00ed lampa\" class=\"wp-image-1962\" srcset=\"https:\/\/czech.canyon.eu\/blog\/wp-content\/uploads\/2026\/02\/LED_Lamp-1024x683.jpg 1024w, https:\/\/czech.canyon.eu\/blog\/wp-content\/uploads\/2026\/02\/LED_Lamp-300x200.jpg 300w, https:\/\/czech.canyon.eu\/blog\/wp-content\/uploads\/2026\/02\/LED_Lamp-768x512.jpg 768w, https:\/\/czech.canyon.eu\/blog\/wp-content\/uploads\/2026\/02\/LED_Lamp-1536x1024.jpg 1536w, https:\/\/czech.canyon.eu\/blog\/wp-content\/uploads\/2026\/02\/LED_Lamp-2048x1365.jpg 2048w, https:\/\/czech.canyon.eu\/blog\/wp-content\/uploads\/2026\/02\/LED_Lamp-390x260.jpg 390w, https:\/\/czech.canyon.eu\/blog\/wp-content\/uploads\/2026\/02\/LED_Lamp-820x547.jpg 820w, https:\/\/czech.canyon.eu\/blog\/wp-content\/uploads\/2026\/02\/LED_Lamp-1180x787.jpg 1180w, https:\/\/czech.canyon.eu\/blog\/wp-content\/uploads\/2026\/02\/LED_Lamp-scaled.jpg 2560w\" sizes=\"auto, (max-width: 1024px) 100vw, 1024px\" \/><\/figure>\n\n\n\n<p>V\u00fdb\u011br valent\u00fdnsk\u00e9ho d\u00e1rku pro va\u0161eho mu\u017ee nemus\u00ed b\u00fdt slo\u017eit\u00fd. Promy\u0161len\u00fd d\u00e1rek uk\u00e1\u017ee, jak moc v\u00e1m na n\u011bm z\u00e1le\u017e\u00ed. A\u0165 u\u017e ho zaj\u00edm\u00e1 technika, fitness, hran\u00ed her nebo cestov\u00e1n\u00ed, Canyon nab\u00edz\u00ed stylov\u00e1 a u\u017eite\u010dn\u00e1 \u0159e\u0161en\u00ed.<\/p>\n\n\n\n<p>Valent\u00fdn nen\u00ed jen o drah\u00fdch d\u00e1rc\u00edch \u2014 je o emoc\u00edch a pocitu v\u00fdjime\u010dnosti. I mal\u00e1 pozornost m\u016f\u017ee pos\u00edlit v\u00e1\u0161 vztah a vytvo\u0159it nezapomenuteln\u00e9 vzpom\u00ednky.<\/p>\n","protected":false},"excerpt":{"rendered":"Valent\u00fdn, kter\u00fd se slav\u00ed 14. \u00fanora, je ide\u00e1ln\u00ed p\u0159\u00edle\u017eitost\u00ed uk\u00e1zat sv\u00e9 drah\u00e9 polovi\u010dce, jak moc si j\u00ed v\u00e1\u017e\u00edte. Co darovat p\u0159\u00edteli na Valent\u00fdna? N\u011bkdy m\u016f\u017ee b\u00fdt obt\u00ed\u017en\u00e9 vybrat d\u00e1rek, kter\u00fd&hellip;\n","protected":false},"author":6,"featured_media":1963,"comment_status":"open","ping_status":"open","sticky":false,"template":"","format":"standard","meta":{"inline_featured_image":false,"footnotes":""},"categories":[1,330],"tags":[],"class_list":{"0":"post-1942","1":"post","2":"type-post","3":"status-publish","4":"format-standard","5":"has-post-thumbnail","7":"category-news","8":"category-pruvodce"},"yoast_head":"<!-- This site is optimized with the Yoast SEO plugin v21.3 - https:\/\/yoast.com\/wordpress\/plugins\/seo\/ -->\n<title>Co darovat p\u0159\u00edteli nebo man\u017eelovi na Valent\u00fdna 2026 &#8211; CANYON Blog<\/title>\n<meta name=\"description\" content=\"Valent\u00fdn, kter\u00fd se slav\u00ed 14. \u00fanora, je ide\u00e1ln\u00ed p\u0159\u00edle\u017eitost\u00ed uk\u00e1zat sv\u00e9 drah\u00e9 polovi\u010dce, jak moc si j\u00ed v\u00e1\u017e\u00edte. Co darovat p\u0159\u00edteli na Valent\u00fdna? N\u011bkdy m\u016f\u017ee b\u00fdt obt\u00ed\u017en\u00e9 vybrat d\u00e1rek, kter\u00fd bude z\u00e1rove\u0148 smyslupln\u00fd i praktick\u00fd a ud\u011bl\u00e1 v\u00e1\u0161 d\u00e1rek opravdu v\u00fdjime\u010dn\u00fdm. Pr\u00e1v\u011b proto je d\u016fle\u017eit\u00e9 naj\u00edt spr\u00e1vn\u00fd obchod s vhodn\u00fdmi mo\u017enostmi.\" \/>\n<meta name=\"robots\" content=\"noindex, follow, max-snippet:-1, max-image-preview:large, max-video-preview:-1\" \/>\n<meta property=\"og:locale\" content=\"cs_CZ\" \/>\n<meta property=\"og:type\" content=\"article\" \/>\n<meta property=\"og:title\" content=\"Co darovat p\u0159\u00edteli nebo man\u017eelovi na Valent\u00fdna 2026 &#8211; CANYON Blog\" \/>\n<meta property=\"og:description\" content=\"Valent\u00fdn, kter\u00fd se slav\u00ed 14. \u00fanora, je ide\u00e1ln\u00ed p\u0159\u00edle\u017eitost\u00ed uk\u00e1zat sv\u00e9 drah\u00e9 polovi\u010dce, jak moc si j\u00ed v\u00e1\u017e\u00edte. Co darovat p\u0159\u00edteli na Valent\u00fdna? N\u011bkdy m\u016f\u017ee b\u00fdt obt\u00ed\u017en\u00e9 vybrat d\u00e1rek, kter\u00fd bude z\u00e1rove\u0148 smyslupln\u00fd i praktick\u00fd a ud\u011bl\u00e1 v\u00e1\u0161 d\u00e1rek opravdu v\u00fdjime\u010dn\u00fdm. Pr\u00e1v\u011b proto je d\u016fle\u017eit\u00e9 naj\u00edt spr\u00e1vn\u00fd obchod s vhodn\u00fdmi mo\u017enostmi.\" \/>\n<meta property=\"og:url\" content=\"https:\/\/czech.canyon.eu\/blog\/co-darovat-priteli-nebo-manzelovi-na-valentyna-2026\/\" \/>\n<meta property=\"og:site_name\" content=\"CANYON Blog\" \/>\n<meta property=\"article:published_time\" content=\"2026-02-04T09:31:19+00:00\" \/>\n<meta property=\"article:modified_time\" content=\"2026-02-04T09:31:25+00:00\" \/>\n<meta property=\"og:image\" content=\"https:\/\/czech.canyon.eu\/blog\/wp-content\/uploads\/2026\/02\/gadgets.png\" \/>\n\t<meta property=\"og:image:width\" content=\"500\" \/>\n\t<meta property=\"og:image:height\" content=\"375\" \/>\n\t<meta property=\"og:image:type\" content=\"image\/png\" \/>\n<meta name=\"author\" content=\"Tatiana Vankovich\" \/>\n<meta name=\"twitter:card\" content=\"summary_large_image\" \/>\n<meta name=\"twitter:label1\" content=\"Napsal(a)\" \/>\n\t<meta name=\"twitter:data1\" content=\"Tatiana Vankovich\" \/>\n\t<meta name=\"twitter:label2\" content=\"Odhadovan\u00e1 doba \u010dten\u00ed\" \/>\n\t<meta name=\"twitter:data2\" content=\"9 minut\" \/>\n<script type=\"application\/ld+json\" class=\"yoast-schema-graph\">{\"@context\":\"https:\/\/schema.org\",\"@graph\":[{\"@type\":\"Article\",\"@id\":\"https:\/\/czech.canyon.eu\/blog\/co-darovat-priteli-nebo-manzelovi-na-valentyna-2026\/#article\",\"isPartOf\":{\"@id\":\"https:\/\/czech.canyon.eu\/blog\/co-darovat-priteli-nebo-manzelovi-na-valentyna-2026\/\"},\"author\":{\"name\":\"Tatiana Vankovich\",\"@id\":\"https:\/\/czech.canyon.eu\/blog\/#\/schema\/person\/59af1387085cfa6eac49c9846eba7f39\"},\"headline\":\"Co darovat p\u0159\u00edteli nebo man\u017eelovi na Valent\u00fdna 2026\",\"datePublished\":\"2026-02-04T09:31:19+00:00\",\"dateModified\":\"2026-02-04T09:31:25+00:00\",\"mainEntityOfPage\":{\"@id\":\"https:\/\/czech.canyon.eu\/blog\/co-darovat-priteli-nebo-manzelovi-na-valentyna-2026\/\"},\"wordCount\":1152,\"commentCount\":0,\"publisher\":{\"@id\":\"https:\/\/czech.canyon.eu\/blog\/#organization\"},\"articleSection\":[\"News\",\"Pr\u016fvodce\"],\"inLanguage\":\"cs\",\"potentialAction\":[{\"@type\":\"CommentAction\",\"name\":\"Comment\",\"target\":[\"https:\/\/czech.canyon.eu\/blog\/co-darovat-priteli-nebo-manzelovi-na-valentyna-2026\/#respond\"]}]},{\"@type\":\"WebPage\",\"@id\":\"https:\/\/czech.canyon.eu\/blog\/co-darovat-priteli-nebo-manzelovi-na-valentyna-2026\/\",\"url\":\"https:\/\/czech.canyon.eu\/blog\/co-darovat-priteli-nebo-manzelovi-na-valentyna-2026\/\",\"name\":\"Co darovat p\u0159\u00edteli nebo man\u017eelovi na Valent\u00fdna 2026 &#8211; CANYON Blog\",\"isPartOf\":{\"@id\":\"https:\/\/czech.canyon.eu\/blog\/#website\"},\"datePublished\":\"2026-02-04T09:31:19+00:00\",\"dateModified\":\"2026-02-04T09:31:25+00:00\",\"description\":\"Valent\u00fdn, kter\u00fd se slav\u00ed 14. \u00fanora, je ide\u00e1ln\u00ed p\u0159\u00edle\u017eitost\u00ed uk\u00e1zat sv\u00e9 drah\u00e9 polovi\u010dce, jak moc si j\u00ed v\u00e1\u017e\u00edte. Co darovat p\u0159\u00edteli na Valent\u00fdna? N\u011bkdy m\u016f\u017ee b\u00fdt obt\u00ed\u017en\u00e9 vybrat d\u00e1rek, kter\u00fd bude z\u00e1rove\u0148 smyslupln\u00fd i praktick\u00fd a ud\u011bl\u00e1 v\u00e1\u0161 d\u00e1rek opravdu v\u00fdjime\u010dn\u00fdm. Pr\u00e1v\u011b proto je d\u016fle\u017eit\u00e9 naj\u00edt spr\u00e1vn\u00fd obchod s vhodn\u00fdmi mo\u017enostmi.\",\"breadcrumb\":{\"@id\":\"https:\/\/czech.canyon.eu\/blog\/co-darovat-priteli-nebo-manzelovi-na-valentyna-2026\/#breadcrumb\"},\"inLanguage\":\"cs\",\"potentialAction\":[{\"@type\":\"ReadAction\",\"target\":[\"https:\/\/czech.canyon.eu\/blog\/co-darovat-priteli-nebo-manzelovi-na-valentyna-2026\/\"]}]},{\"@type\":\"BreadcrumbList\",\"@id\":\"https:\/\/czech.canyon.eu\/blog\/co-darovat-priteli-nebo-manzelovi-na-valentyna-2026\/#breadcrumb\",\"itemListElement\":[{\"@type\":\"ListItem\",\"position\":1,\"name\":\"Home\",\"item\":\"https:\/\/czech.canyon.eu\/blog\/\"},{\"@type\":\"ListItem\",\"position\":2,\"name\":\"News\",\"item\":\"https:\/\/czech.canyon.eu\/blog\/category\/news\/\"},{\"@type\":\"ListItem\",\"position\":3,\"name\":\"Co darovat p\u0159\u00edteli nebo man\u017eelovi na Valent\u00fdna 2026\"}]},{\"@type\":\"WebSite\",\"@id\":\"https:\/\/czech.canyon.eu\/blog\/#website\",\"url\":\"https:\/\/czech.canyon.eu\/blog\/\",\"name\":\"CANYON Blog\",\"description\":\"Mobile and Computer Accessories\",\"publisher\":{\"@id\":\"https:\/\/czech.canyon.eu\/blog\/#organization\"},\"potentialAction\":[{\"@type\":\"SearchAction\",\"target\":{\"@type\":\"EntryPoint\",\"urlTemplate\":\"https:\/\/czech.canyon.eu\/blog\/?s={search_term_string}\"},\"query-input\":\"required name=search_term_string\"}],\"inLanguage\":\"cs\"},{\"@type\":\"Organization\",\"@id\":\"https:\/\/czech.canyon.eu\/blog\/#organization\",\"name\":\"Canyon\",\"url\":\"https:\/\/czech.canyon.eu\/blog\/\",\"logo\":{\"@type\":\"ImageObject\",\"inLanguage\":\"cs\",\"@id\":\"https:\/\/czech.canyon.eu\/blog\/#\/schema\/logo\/image\/\",\"url\":\"https:\/\/canyon.eu\/blog\/wp-content\/uploads\/2023\/02\/111.png\",\"contentUrl\":\"https:\/\/canyon.eu\/blog\/wp-content\/uploads\/2023\/02\/111.png\",\"width\":214,\"height\":79,\"caption\":\"Canyon\"},\"image\":{\"@id\":\"https:\/\/czech.canyon.eu\/blog\/#\/schema\/logo\/image\/\"}},{\"@type\":\"Person\",\"@id\":\"https:\/\/czech.canyon.eu\/blog\/#\/schema\/person\/59af1387085cfa6eac49c9846eba7f39\",\"name\":\"Tatiana Vankovich\",\"image\":{\"@type\":\"ImageObject\",\"inLanguage\":\"cs\",\"@id\":\"https:\/\/czech.canyon.eu\/blog\/#\/schema\/person\/image\/\",\"url\":\"https:\/\/secure.gravatar.com\/avatar\/5141dc103cb72d654b83160b4b11f3d11282bc29e4fb5a574d83aa5d41cbef51?s=96&d=mm&r=g\",\"contentUrl\":\"https:\/\/secure.gravatar.com\/avatar\/5141dc103cb72d654b83160b4b11f3d11282bc29e4fb5a574d83aa5d41cbef51?s=96&d=mm&r=g\",\"caption\":\"Tatiana Vankovich\"},\"url\":\"https:\/\/czech.canyon.eu\/blog\/author\/tatiana\/\"}]}<\/script>\n<!-- \/ Yoast SEO plugin. -->","yoast_head_json":{"title":"Co darovat p\u0159\u00edteli nebo man\u017eelovi na Valent\u00fdna 2026 &#8211; CANYON Blog","description":"Valent\u00fdn, kter\u00fd se slav\u00ed 14. \u00fanora, je ide\u00e1ln\u00ed p\u0159\u00edle\u017eitost\u00ed uk\u00e1zat sv\u00e9 drah\u00e9 polovi\u010dce, jak moc si j\u00ed v\u00e1\u017e\u00edte. Co darovat p\u0159\u00edteli na Valent\u00fdna? N\u011bkdy m\u016f\u017ee b\u00fdt obt\u00ed\u017en\u00e9 vybrat d\u00e1rek, kter\u00fd bude z\u00e1rove\u0148 smyslupln\u00fd i praktick\u00fd a ud\u011bl\u00e1 v\u00e1\u0161 d\u00e1rek opravdu v\u00fdjime\u010dn\u00fdm. Pr\u00e1v\u011b proto je d\u016fle\u017eit\u00e9 naj\u00edt spr\u00e1vn\u00fd obchod s vhodn\u00fdmi mo\u017enostmi.","robots":{"index":"noindex","follow":"follow","max-snippet":"max-snippet:-1","max-image-preview":"max-image-preview:large","max-video-preview":"max-video-preview:-1"},"og_locale":"cs_CZ","og_type":"article","og_title":"Co darovat p\u0159\u00edteli nebo man\u017eelovi na Valent\u00fdna 2026 &#8211; CANYON Blog","og_description":"Valent\u00fdn, kter\u00fd se slav\u00ed 14. \u00fanora, je ide\u00e1ln\u00ed p\u0159\u00edle\u017eitost\u00ed uk\u00e1zat sv\u00e9 drah\u00e9 polovi\u010dce, jak moc si j\u00ed v\u00e1\u017e\u00edte. Co darovat p\u0159\u00edteli na Valent\u00fdna? N\u011bkdy m\u016f\u017ee b\u00fdt obt\u00ed\u017en\u00e9 vybrat d\u00e1rek, kter\u00fd bude z\u00e1rove\u0148 smyslupln\u00fd i praktick\u00fd a ud\u011bl\u00e1 v\u00e1\u0161 d\u00e1rek opravdu v\u00fdjime\u010dn\u00fdm. Pr\u00e1v\u011b proto je d\u016fle\u017eit\u00e9 naj\u00edt spr\u00e1vn\u00fd obchod s vhodn\u00fdmi mo\u017enostmi.","og_url":"https:\/\/czech.canyon.eu\/blog\/co-darovat-priteli-nebo-manzelovi-na-valentyna-2026\/","og_site_name":"CANYON Blog","article_published_time":"2026-02-04T09:31:19+00:00","article_modified_time":"2026-02-04T09:31:25+00:00","og_image":[{"width":500,"height":375,"url":"https:\/\/czech.canyon.eu\/blog\/wp-content\/uploads\/2026\/02\/gadgets.png","type":"image\/png"}],"author":"Tatiana Vankovich","twitter_card":"summary_large_image","twitter_misc":{"Napsal(a)":"Tatiana Vankovich","Odhadovan\u00e1 doba \u010dten\u00ed":"9 minut"},"schema":{"@context":"https:\/\/schema.org","@graph":[{"@type":"Article","@id":"https:\/\/czech.canyon.eu\/blog\/co-darovat-priteli-nebo-manzelovi-na-valentyna-2026\/#article","isPartOf":{"@id":"https:\/\/czech.canyon.eu\/blog\/co-darovat-priteli-nebo-manzelovi-na-valentyna-2026\/"},"author":{"name":"Tatiana Vankovich","@id":"https:\/\/czech.canyon.eu\/blog\/#\/schema\/person\/59af1387085cfa6eac49c9846eba7f39"},"headline":"Co darovat p\u0159\u00edteli nebo man\u017eelovi na Valent\u00fdna 2026","datePublished":"2026-02-04T09:31:19+00:00","dateModified":"2026-02-04T09:31:25+00:00","mainEntityOfPage":{"@id":"https:\/\/czech.canyon.eu\/blog\/co-darovat-priteli-nebo-manzelovi-na-valentyna-2026\/"},"wordCount":1152,"commentCount":0,"publisher":{"@id":"https:\/\/czech.canyon.eu\/blog\/#organization"},"articleSection":["News","Pr\u016fvodce"],"inLanguage":"cs","potentialAction":[{"@type":"CommentAction","name":"Comment","target":["https:\/\/czech.canyon.eu\/blog\/co-darovat-priteli-nebo-manzelovi-na-valentyna-2026\/#respond"]}]},{"@type":"WebPage","@id":"https:\/\/czech.canyon.eu\/blog\/co-darovat-priteli-nebo-manzelovi-na-valentyna-2026\/","url":"https:\/\/czech.canyon.eu\/blog\/co-darovat-priteli-nebo-manzelovi-na-valentyna-2026\/","name":"Co darovat p\u0159\u00edteli nebo man\u017eelovi na Valent\u00fdna 2026 &#8211; CANYON Blog","isPartOf":{"@id":"https:\/\/czech.canyon.eu\/blog\/#website"},"datePublished":"2026-02-04T09:31:19+00:00","dateModified":"2026-02-04T09:31:25+00:00","description":"Valent\u00fdn, kter\u00fd se slav\u00ed 14. \u00fanora, je ide\u00e1ln\u00ed p\u0159\u00edle\u017eitost\u00ed uk\u00e1zat sv\u00e9 drah\u00e9 polovi\u010dce, jak moc si j\u00ed v\u00e1\u017e\u00edte. Co darovat p\u0159\u00edteli na Valent\u00fdna? N\u011bkdy m\u016f\u017ee b\u00fdt obt\u00ed\u017en\u00e9 vybrat d\u00e1rek, kter\u00fd bude z\u00e1rove\u0148 smyslupln\u00fd i praktick\u00fd a ud\u011bl\u00e1 v\u00e1\u0161 d\u00e1rek opravdu v\u00fdjime\u010dn\u00fdm. Pr\u00e1v\u011b proto je d\u016fle\u017eit\u00e9 naj\u00edt spr\u00e1vn\u00fd obchod s vhodn\u00fdmi mo\u017enostmi.","breadcrumb":{"@id":"https:\/\/czech.canyon.eu\/blog\/co-darovat-priteli-nebo-manzelovi-na-valentyna-2026\/#breadcrumb"},"inLanguage":"cs","potentialAction":[{"@type":"ReadAction","target":["https:\/\/czech.canyon.eu\/blog\/co-darovat-priteli-nebo-manzelovi-na-valentyna-2026\/"]}]},{"@type":"BreadcrumbList","@id":"https:\/\/czech.canyon.eu\/blog\/co-darovat-priteli-nebo-manzelovi-na-valentyna-2026\/#breadcrumb","itemListElement":[{"@type":"ListItem","position":1,"name":"Home","item":"https:\/\/czech.canyon.eu\/blog\/"},{"@type":"ListItem","position":2,"name":"News","item":"https:\/\/czech.canyon.eu\/blog\/category\/news\/"},{"@type":"ListItem","position":3,"name":"Co darovat p\u0159\u00edteli nebo man\u017eelovi na Valent\u00fdna 2026"}]},{"@type":"WebSite","@id":"https:\/\/czech.canyon.eu\/blog\/#website","url":"https:\/\/czech.canyon.eu\/blog\/","name":"CANYON Blog","description":"Mobile and Computer Accessories","publisher":{"@id":"https:\/\/czech.canyon.eu\/blog\/#organization"},"potentialAction":[{"@type":"SearchAction","target":{"@type":"EntryPoint","urlTemplate":"https:\/\/czech.canyon.eu\/blog\/?s={search_term_string}"},"query-input":"required name=search_term_string"}],"inLanguage":"cs"},{"@type":"Organization","@id":"https:\/\/czech.canyon.eu\/blog\/#organization","name":"Canyon","url":"https:\/\/czech.canyon.eu\/blog\/","logo":{"@type":"ImageObject","inLanguage":"cs","@id":"https:\/\/czech.canyon.eu\/blog\/#\/schema\/logo\/image\/","url":"https:\/\/canyon.eu\/blog\/wp-content\/uploads\/2023\/02\/111.png","contentUrl":"https:\/\/canyon.eu\/blog\/wp-content\/uploads\/2023\/02\/111.png","width":214,"height":79,"caption":"Canyon"},"image":{"@id":"https:\/\/czech.canyon.eu\/blog\/#\/schema\/logo\/image\/"}},{"@type":"Person","@id":"https:\/\/czech.canyon.eu\/blog\/#\/schema\/person\/59af1387085cfa6eac49c9846eba7f39","name":"Tatiana Vankovich","image":{"@type":"ImageObject","inLanguage":"cs","@id":"https:\/\/czech.canyon.eu\/blog\/#\/schema\/person\/image\/","url":"https:\/\/secure.gravatar.com\/avatar\/5141dc103cb72d654b83160b4b11f3d11282bc29e4fb5a574d83aa5d41cbef51?s=96&d=mm&r=g","contentUrl":"https:\/\/secure.gravatar.com\/avatar\/5141dc103cb72d654b83160b4b11f3d11282bc29e4fb5a574d83aa5d41cbef51?s=96&d=mm&r=g","caption":"Tatiana Vankovich"},"url":"https:\/\/czech.canyon.eu\/blog\/author\/tatiana\/"}]}},"_links":{"self":[{"href":"https:\/\/czech.canyon.eu\/blog\/wp-json\/wp\/v2\/posts\/1942","targetHints":{"allow":["GET"]}}],"collection":[{"href":"https:\/\/czech.canyon.eu\/blog\/wp-json\/wp\/v2\/posts"}],"about":[{"href":"https:\/\/czech.canyon.eu\/blog\/wp-json\/wp\/v2\/types\/post"}],"author":[{"embeddable":true,"href":"https:\/\/czech.canyon.eu\/blog\/wp-json\/wp\/v2\/users\/6"}],"replies":[{"embeddable":true,"href":"https:\/\/czech.canyon.eu\/blog\/wp-json\/wp\/v2\/comments?post=1942"}],"version-history":[{"count":1,"href":"https:\/\/czech.canyon.eu\/blog\/wp-json\/wp\/v2\/posts\/1942\/revisions"}],"predecessor-version":[{"id":1964,"href":"https:\/\/czech.canyon.eu\/blog\/wp-json\/wp\/v2\/posts\/1942\/revisions\/1964"}],"wp:featuredmedia":[{"embeddable":true,"href":"https:\/\/czech.canyon.eu\/blog\/wp-json\/wp\/v2\/media\/1963"}],"wp:attachment":[{"href":"https:\/\/czech.canyon.eu\/blog\/wp-json\/wp\/v2\/media?parent=1942"}],"wp:term":[{"taxonomy":"category","embeddable":true,"href":"https:\/\/czech.canyon.eu\/blog\/wp-json\/wp\/v2\/categories?post=1942"},{"taxonomy":"post_tag","embeddable":true,"href":"https:\/\/czech.canyon.eu\/blog\/wp-json\/wp\/v2\/tags?post=1942"}],"curies":[{"name":"wp","href":"https:\/\/api.w.org\/{rel}","templated":true}]}}