{"id":1804,"date":"2025-09-10T15:34:33","date_gmt":"2025-09-10T12:34:33","guid":{"rendered":"https:\/\/czech.canyon.eu\/blog\/?p=1804"},"modified":"2025-09-10T15:34:36","modified_gmt":"2025-09-10T12:34:36","slug":"invention-of-the-solar-panel-the-history-of-solar-energy","status":"publish","type":"post","link":"https:\/\/czech.canyon.eu\/blog\/invention-of-the-solar-panel-the-history-of-solar-energy\/","title":{"rendered":"Vyn\u00e1lez sol\u00e1rn\u00edho panelu: historie sol\u00e1rn\u00ed energie"},"content":{"rendered":"\n<p>Kdy\u017e si v roce 2024 p\u0159edstav\u00edme sol\u00e1rn\u00ed energii, napadnou n\u00e1s chytr\u00e9 syst\u00e9my, kter\u00e9 nap\u00e1j\u00ed \u0159adu dom\u00e1cnost\u00ed a dod\u00e1vaj\u00ed \u010distou energii d\u00edky sol\u00e1rn\u00edm panel\u016fm. Vyu\u017e\u00edv\u00e1n\u00ed slunce k provozu a ob\u017eiv\u011b v\u0161ak sah\u00e1 o stalet\u00ed zp\u011bt.&nbsp;<\/p>\n\n\n\n<p>Abychom l\u00e9pe pochopili zrod tohoto za\u0159\u00edzen\u00ed a dok\u00e1zali spr\u00e1vn\u011b vybrat podle sv\u00fdch pot\u0159eb, pono\u0159me se do historie sol\u00e1rn\u00edch panel\u016f.&nbsp;<\/p>\n\n\n\n<h2 id=\"pozadi-solarniho-panelu-solarni-energie-napric-staletimi\" class=\"wp-block-heading\"><strong>Pozad\u00ed sol\u00e1rn\u00edho panelu: sol\u00e1rn\u00ed energie nap\u0159\u00ed\u010d stalet\u00edmi<\/strong><\/h2>\n\n\n\n<figure class=\"wp-block-image size-large\"><img loading=\"lazy\" decoding=\"async\" width=\"1024\" height=\"681\" src=\"https:\/\/czech.canyon.eu\/blog\/wp-content\/uploads\/2025\/09\/img-1024x681.jpg\" alt=\"Pozad\u00ed sol\u00e1rn\u00edho panelu: sol\u00e1rn\u00ed energie nap\u0159\u00ed\u010d stalet\u00edmi\" class=\"wp-image-1805\" srcset=\"https:\/\/czech.canyon.eu\/blog\/wp-content\/uploads\/2025\/09\/img-1024x681.jpg 1024w, https:\/\/czech.canyon.eu\/blog\/wp-content\/uploads\/2025\/09\/img-300x200.jpg 300w, https:\/\/czech.canyon.eu\/blog\/wp-content\/uploads\/2025\/09\/img-768x511.jpg 768w, https:\/\/czech.canyon.eu\/blog\/wp-content\/uploads\/2025\/09\/img-390x259.jpg 390w, https:\/\/czech.canyon.eu\/blog\/wp-content\/uploads\/2025\/09\/img-820x546.jpg 820w, https:\/\/czech.canyon.eu\/blog\/wp-content\/uploads\/2025\/09\/img-1180x785.jpg 1180w, https:\/\/czech.canyon.eu\/blog\/wp-content\/uploads\/2025\/09\/img.jpg 1536w\" sizes=\"auto, (max-width: 1024px) 100vw, 1024px\" \/><\/figure>\n\n\n\n<p>Projd\u011bme si stru\u010dn\u011b historii sol\u00e1rn\u00ed energie. Prvn\u00ed dolo\u017een\u00e9 pou\u017eit\u00ed lidmi sah\u00e1 a\u017e do 7. stolet\u00ed p\u0159. n. l. Tehdy lid\u00e9 vyu\u017e\u00edvali slune\u010dn\u00ed sv\u011btlo k rozd\u011bl\u00e1v\u00e1n\u00ed ohn\u011b pomoc\u00ed ran\u00fdch alternativ lupy. Rann\u00e9 vyu\u017eit\u00ed slunce se soust\u0159edilo hlavn\u011b na jeho energii jako zdroj tepla. Nap\u0159\u00edklad ve starov\u011bk\u00e9m Egypt\u011b se budovy navrhovaly tak, aby maximalizovaly p\u0159\u00edsun sv\u011btla a tepla.&nbsp;<\/p>\n\n\n\n<p>Pozd\u011bji, ve 3. stolet\u00ed p\u0159. n. l., \u00fadajn\u011b \u0158ekov\u00e9 a \u0158\u00edman\u00e9 vyu\u017e\u00edvali zrcadla k zapalov\u00e1n\u00ed pochodn\u00ed p\u0159i n\u00e1bo\u017eensk\u00fdch ob\u0159adech. Tato zrcadla se stala n\u00e1stroji zvan\u00fdmi \u201espalovac\u00ed zrcadla\u201c a pou\u017e\u00edvala se p\u0159i r\u016fzn\u00fdch ritu\u00e1lech. V roce 20 n. l. pou\u017e\u00edvali podobn\u00e1 zrcadla ke stejn\u00e9mu \u00fa\u010delu i \u010c\u00ed\u0148an\u00e9.&nbsp;<\/p>\n\n\n\n<p>Dal\u0161\u00edm ran\u00fdm vyu\u017eit\u00edm, popul\u00e1rn\u00edm dodnes, byl koncept \u201eslune\u010dn\u00edch m\u00edstnost\u00ed\u201c (sunrooms). Tyto m\u00edstnosti s velk\u00fdmi okny soust\u0159edily slune\u010dn\u00ed sv\u011btlo do jednoho prostoru. N\u011bkter\u00e9 \u0159\u00edmsk\u00e9 l\u00e1zn\u011b, \u010dasto na ji\u017en\u00ed stran\u011b budov, byly takov\u00fdmi slune\u010dn\u00edmi m\u00edstnostmi. Pozd\u011bji, ve 13. stolet\u00ed n. l., stav\u011bli Anasazi, p\u0159edkov\u00e9 indi\u00e1n\u016f Pueblo, na \u00fatesech domy orientovan\u00e9 k jihu, aby v zim\u011b zachycovali teplo.&nbsp;<\/p>\n\n\n\n<p>V 18. a 19. stolet\u00ed pak badatel\u00e9 vyu\u017e\u00edvali slune\u010dn\u00ed sv\u011btlo k pohonu pec\u00ed na dlouh\u00fdch cest\u00e1ch a k provozu parn\u00edk\u016f na sol\u00e1rn\u00ed pohon. Je z\u0159ejm\u00e9, \u017ee spol\u00e9hat se na s\u00edlu slunce bylo b\u011b\u017en\u00e9 u\u017e p\u0159ed tis\u00edcilet\u00edmi.&nbsp;<\/p>\n\n\n\n<h2 id=\"vynalez-solarniho-panelu\" class=\"wp-block-heading\"><strong>Vyn\u00e1lez sol\u00e1rn\u00edho panelu<\/strong><\/h2>\n\n\n\n<figure class=\"wp-block-image size-large\"><img loading=\"lazy\" decoding=\"async\" width=\"1024\" height=\"683\" src=\"https:\/\/czech.canyon.eu\/blog\/wp-content\/uploads\/2025\/09\/solar-panels-canyon-1536x1024-1-1024x683.jpg\" alt=\"Vyn\u00e1lez sol\u00e1rn\u00edho panelu\" class=\"wp-image-1806\" srcset=\"https:\/\/czech.canyon.eu\/blog\/wp-content\/uploads\/2025\/09\/solar-panels-canyon-1536x1024-1-1024x683.jpg 1024w, https:\/\/czech.canyon.eu\/blog\/wp-content\/uploads\/2025\/09\/solar-panels-canyon-1536x1024-1-300x200.jpg 300w, https:\/\/czech.canyon.eu\/blog\/wp-content\/uploads\/2025\/09\/solar-panels-canyon-1536x1024-1-768x512.jpg 768w, https:\/\/czech.canyon.eu\/blog\/wp-content\/uploads\/2025\/09\/solar-panels-canyon-1536x1024-1-390x260.jpg 390w, https:\/\/czech.canyon.eu\/blog\/wp-content\/uploads\/2025\/09\/solar-panels-canyon-1536x1024-1-820x547.jpg 820w, https:\/\/czech.canyon.eu\/blog\/wp-content\/uploads\/2025\/09\/solar-panels-canyon-1536x1024-1-1180x787.jpg 1180w, https:\/\/czech.canyon.eu\/blog\/wp-content\/uploads\/2025\/09\/solar-panels-canyon-1536x1024-1.jpg 1536w\" sizes=\"auto, (max-width: 1024px) 100vw, 1024px\" \/><\/figure>\n\n\n\n<p>Jak vlastn\u011b sol\u00e1rn\u00ed panely vznikly?&nbsp;<\/p>\n\n\n\n<p>V\u00fdvoj t\u00e9to technologie byl postupn\u00fd a dodnes se diskutuje p\u0159esn\u00e1 \u010dasov\u00e1 osa i to, komu p\u0159ipsat z\u00e1sluhy. N\u011bkte\u0159\u00ed p\u0159ipisuj\u00ed vytvo\u0159en\u00ed sol\u00e1rn\u00edho \u010dl\u00e1nku francouzsk\u00e9mu v\u011bdci Edmondu Becquerelovi. Ten v roce 1839 p\u0159i experimentech s kovov\u00fdmi elektrodami a elektrolytov\u00fdmi roztoky objevil fotovoltaick\u00fd efekt, kdy sv\u011btlo vyvol\u00e1v\u00e1 v materi\u00e1lu elektrick\u00fd proud. Tento objev prok\u00e1zal, \u017ee slune\u010dn\u00ed sv\u011btlo lze p\u0159ev\u00e9st na elekt\u0159inu, a ovlivnil dal\u0161\u00ed PV v\u00fdvoj.&nbsp;<\/p>\n\n\n\n<p>V roce 1873 objevil Willoughby Smith fotovodivost selenu. To vedlo k tomu, \u017ee William Grylls Adams a Richard Evans Day v roce 1876 zjistili, \u017ee selen p\u0159i oz\u00e1\u0159en\u00ed sluncem generuje elekt\u0159inu. Roku 1883 navrhl a nainstaloval americk\u00fd vyn\u00e1lezce Charles Fritts prvn\u00ed st\u0159e\u0161n\u00ed sol\u00e1rn\u00ed pole na st\u0159e\u0161e v New Yorku. S vyu\u017eit\u00edm selenov\u00fdch desti\u010dek dosahoval prototyp \u00fa\u010dinnosti kolem 1 %. P\u0159esto uk\u00e1zal praktick\u00fd potenci\u00e1l sol\u00e1rn\u00ed energie a n\u011bkte\u0159\u00ed historikov\u00e9 proto pova\u017euj\u00ed Frittse za skute\u010dn\u00e9ho vyn\u00e1lezce sol\u00e1rn\u00edch \u010dl\u00e1nk\u016f.&nbsp;<\/p>\n\n\n\n<p>Z\u00e1sadn\u00ed pr\u016flom nastal v roce 1905, kdy Albert Einstein publikoval pr\u00e1ci o fotoelektrick\u00e9m jevu, za ni\u017e pozd\u011bji z\u00edskal Nobelovu cenu za fyziku. Einstein vysv\u011btlil, \u017ee sv\u011btlo tvo\u0159\u00ed bal\u00ed\u010dky energie zvan\u00e9 fotony, co\u017e prohloubilo ch\u00e1p\u00e1n\u00ed fotovoltaick\u00e9ho efektu.&nbsp;<\/p>\n\n\n\n<p>Modern\u00ed sol\u00e1rn\u00ed \u010dl\u00e1nky se v\u0161ak vyr\u00e1b\u011bj\u00ed z k\u0159em\u00edku, nikoli ze selenu. Proto mnoho autor\u016f p\u0159i\u010d\u00edt\u00e1 skute\u010dn\u00fd vyn\u00e1lez trojici Daryl Chapin, Calvin Fuller a Gerald Pearson, kte\u0159\u00ed v Bell Labs v roce 1954 vytvo\u0159ili k\u0159em\u00edkov\u00fd fotovoltaick\u00fd (PV) \u010dl\u00e1nek. \u0160lo o prvn\u00ed p\u0159\u00edpad, kdy sol\u00e1rn\u00ed technologie nap\u00e1jela elektrick\u00e9 za\u0159\u00edzen\u00ed n\u011bkolik hodin denn\u011b.&nbsp;<\/p>\n\n\n\n<p>Sol\u00e1rn\u00ed pr\u016fmysl rostl po cel\u00e9 90. roky a od 2000s se sol\u00e1rn\u00ed energie stala dostupnou pro ka\u017ed\u00e9ho.&nbsp;<\/p>\n\n\n\n<h2 id=\"typy-solarnich-panelu\" class=\"wp-block-heading\"><strong>Typy sol\u00e1rn\u00edch panel\u016f<\/strong><\/h2>\n\n\n\n<figure class=\"wp-block-image size-full\"><img loading=\"lazy\" decoding=\"async\" width=\"1024\" height=\"933\" src=\"https:\/\/czech.canyon.eu\/blog\/wp-content\/uploads\/2025\/09\/RS20298_CND-SP200W-16-hpr-1024x933-1.jpg\" alt=\"Typy sol\u00e1rn\u00edch panel\u016f\" class=\"wp-image-1807\" srcset=\"https:\/\/czech.canyon.eu\/blog\/wp-content\/uploads\/2025\/09\/RS20298_CND-SP200W-16-hpr-1024x933-1.jpg 1024w, https:\/\/czech.canyon.eu\/blog\/wp-content\/uploads\/2025\/09\/RS20298_CND-SP200W-16-hpr-1024x933-1-300x273.jpg 300w, https:\/\/czech.canyon.eu\/blog\/wp-content\/uploads\/2025\/09\/RS20298_CND-SP200W-16-hpr-1024x933-1-768x700.jpg 768w, https:\/\/czech.canyon.eu\/blog\/wp-content\/uploads\/2025\/09\/RS20298_CND-SP200W-16-hpr-1024x933-1-390x355.jpg 390w, https:\/\/czech.canyon.eu\/blog\/wp-content\/uploads\/2025\/09\/RS20298_CND-SP200W-16-hpr-1024x933-1-820x747.jpg 820w\" sizes=\"auto, (max-width: 1024px) 100vw, 1024px\" \/><\/figure>\n\n\n\n<p>Skl\u00e1dac\u00ed sol\u00e1rn\u00ed panely od Canyon.\u00a0<\/p>\n\n\n\n<p>Vybrat spr\u00e1vnou variantu pro dom\u00e1cnost m\u016f\u017ee p\u016fsobit zbyte\u010dn\u011b slo\u017eit\u011b, zvl\u00e1\u0161\u0165 pokud s touto technologi\u00ed za\u010d\u00edn\u00e1te. A jde tak\u00e9 o v\u00fdraznou investici.&nbsp;<\/p>\n\n\n\n<p>Ud\u011blali jsme pr\u016fzkum nejlep\u0161\u00edch mo\u017enost\u00ed pro modern\u00ed dom\u00e1cnosti a chceme v\u00e1m pomoci rozhodnout se informovan\u011b. Prozkoumejme typy sol\u00e1rn\u00edch \u0159e\u0161en\u00ed dostupn\u00fdch na dne\u0161n\u00edm trhu.&nbsp;<\/p>\n\n\n\n<p>Z\u00e1kladn\u011b existuj\u00ed t\u0159i hlavn\u00ed typy panel\u016f: monokrystalick\u00e9, polykrystalick\u00e9 a tenkovrstv\u00e9. Monokrystalick\u00e9 a polykrystalick\u00e9 se obvykle pou\u017e\u00edvaj\u00ed pro dom\u00e1c\u00ed instalace, zat\u00edmco tenkovrstv\u00e9 \u010dasto pro men\u0161\u00ed projekty \u2014 nap\u0159\u00edklad pro obytn\u00fd v\u016fz \u010di zahradn\u00ed domek.&nbsp;<\/p>\n\n\n\n<h3 id=\"monokrystalicke\" class=\"wp-block-heading\"><strong>Monokrystalick\u00e9<\/strong>\u00a0<\/h3>\n\n\n\n<p>Monokrystalick\u00e9 panely jsou obecn\u011b nejdra\u017e\u0161\u00ed. Pr\u016fm\u011brn\u00e1 cena je 1\u20131,50 $ za watt, ale li\u0161\u00ed se podle regionu. Vy\u0161\u0161\u00ed cenu zp\u016fsobuje v\u00fdroba \u010dl\u00e1nk\u016f z jednoho krystalu metodou Czochralski, kter\u00e1 rovn\u011b\u017e vytv\u00e1\u0159\u00ed odpadn\u00ed k\u0159em\u00edk. Ten lze n\u00e1sledn\u011b vyu\u017e\u00edt k v\u00fdrob\u011b polykrystalick\u00fdch \u010dl\u00e1nk\u016f.&nbsp;<\/p>\n\n\n\n<p>Plusy a m\u00ednusy: <strong>vysok\u00e1 \u00fa\u010dinnost a v\u00fdkon<\/strong> za <strong>vy\u0161\u0161\u00ed cenu<\/strong>. Dosahuj\u00ed a\u017e 22% \u00fa\u010dinnosti a poskytuj\u00ed p\u0159es 300 W v\u00fdkonu (mnoh\u00e9 p\u0159esahuj\u00ed 400 W). Monokrystalick\u00e9 i polykrystalick\u00e9 varianty obvykle existuj\u00ed v proveden\u00ed se 60, 72 a 96 k\u0159em\u00edkov\u00fdmi \u010dl\u00e1nky. \u017divotnost je 25+ let. Jde o nejb\u011b\u017en\u011bj\u0161\u00ed typ pro reziden\u010dn\u00ed syst\u00e9my \u2013 ide\u00e1ln\u00ed pro st\u0159echy s omezen\u00fdm prostorem a s maxim\u00e1ln\u00ed \u00fa\u010dinnost\u00ed.\u00a0<\/p>\n\n\n\n<p>Existuje n\u011bkolik podtyp\u016f monokrystalick\u00fdch za\u0159\u00edzen\u00ed; ka\u017ed\u00fd m\u00e1 specifick\u00e9 v\u00fdhody, n\u00e1klady, \u00fa\u010dinnost a pou\u017eit\u00ed, n\u011bkter\u00e9 jsou vhodn\u011bj\u0161\u00ed pro pozemn\u00ed instalace. Pat\u0159\u00ed sem:&nbsp;<\/p>\n\n\n\n<ul class=\"wp-block-list\">\n<li>Roof tile: N\u00e1kladn\u00e9, ale nejhez\u010d\u00ed a s maxim\u00e1ln\u00edm fill factorem.&nbsp;<br>Interdigitated back contact (IBC): Odoln\u00e9, bez viditeln\u00fdch sb\u011brnic na \u010deln\u00ed stran\u011b, velmi \u00fa\u010dinn\u00e9.&nbsp;<\/li>\n\n\n\n<li>Passivated emitter and rear contact (PERC): Upraven\u00e9 \u010dl\u00e1nky vyr\u00e1b\u011bj\u00ed o 6\u201312 % v\u00edce energie ne\u017e konven\u010dn\u00ed panely.&nbsp;<\/li>\n\n\n\n<li>Bifacial: Zachycuj\u00ed sv\u011btlo z obou stran; obl\u00edben\u00e9 pro pozemn\u00ed syst\u00e9my.&nbsp;<\/li>\n<\/ul>\n\n\n\n<h3 id=\"polykrystalicke\" class=\"wp-block-heading\"><strong>Polykrystalick\u00e9<\/strong><\/h3>\n\n\n\n<p>Polykrystalick\u00e9 panely jsou levn\u011bj\u0161\u00ed \u2014 stoj\u00ed 0,90\u20131 $ za watt. Jejich \u010dl\u00e1nky vznikaj\u00ed z k\u0159em\u00edkov\u00fdch \u00falomk\u016f, nikoli z jednoho \u010dist\u00e9ho krystalu. V\u00fdroba je proto jednodu\u0161\u0161\u00ed a levn\u011bj\u0161\u00ed \u2014 pro v\u00fdrobce i majitele.&nbsp;<\/p>\n\n\n\n<p>Plusy a m\u00ednusy: <strong>ni\u017e\u0161\u00ed cena<\/strong>, ale i <strong>ni\u017e\u0161\u00ed \u00fa\u010dinnost a v\u00fdkon<\/strong>. V porovn\u00e1n\u00ed s monokrystalick\u00fdmi si h\u016f\u0159 udr\u017euj\u00ed vysokou \u00fa\u010dinnost p\u0159i vysok\u00fdch teplot\u00e1ch.&nbsp;<\/p>\n\n\n\n<h3 id=\"tenkovrstve-thin-film\" class=\"wp-block-heading\"><strong>Tenkovrstv\u00e9 (Thin-Film)<\/strong>\u00a0<\/h3>\n\n\n\n<p>Tenkovrstv\u00e9 panely maj\u00ed ni\u017e\u0161\u00ed \u00fa\u010dinnost \u2014 zhruba 11 %. Stoj\u00ed 1\u20131,50 $ za watt a maj\u00ed krat\u0161\u00ed \u017eivotnost (10\u201320 let), proto se v dom\u00e1cnostech pou\u017e\u00edvaj\u00ed z\u0159\u00eddka. Jde o nejobl\u00edben\u011bj\u0161\u00ed volbu pro p\u0159enosn\u00e9 nebo DIY syst\u00e9my \u2014 nap\u0159\u00edklad v obytn\u00fdch vozech \u010di na lod\u00edch. Pou\u017e\u00edvaj\u00ed se tak\u00e9 na komer\u010dn\u00edch st\u0159ech\u00e1ch, kter\u00e9 neunesou dodate\u010dnou hmotnost tradi\u010dn\u00ed techniky.&nbsp;<\/p>\n\n\n\n<p>Nevyr\u00e1b\u011bj\u00ed se v jednotn\u00fdch rozm\u011brech: v\u00fdkon se m\u016f\u017ee li\u0161it podle fyzick\u00e9 velikosti. V\u00fdkon na jednotku plochy u mono\/polykrystalick\u00fdch za\u0159\u00edzen\u00ed je vy\u0161\u0161\u00ed ne\u017e u tenkovrstv\u00fdch.&nbsp;<\/p>\n\n\n\n<p>Plusy a m\u00ednusy: <strong>ni\u017e\u0161\u00ed n\u00e1klady<\/strong>, ale i <strong>ni\u017e\u0161\u00ed \u00fa\u010dinnost a v\u00fdkon<\/strong>. Celkov\u011b je jejich instalace levn\u011bj\u0161\u00ed, proto\u017ee jsou leh\u010d\u00ed a snadn\u011bji se s nimi manipuluje \u2014 mont\u00e1\u017e je jednodu\u0161\u0161\u00ed a pr\u00e1ce levn\u011bj\u0161\u00ed.&nbsp;<\/p>\n\n\n\n<h3 id=\"jak-si-vybrat-spravny-solarni-panel\" class=\"wp-block-heading\"><strong>Jak si vybrat spr\u00e1vn\u00fd sol\u00e1rn\u00ed panel<\/strong><\/h3>\n\n\n\n<p>P\u0159i v\u00fdb\u011bru reziden\u010dn\u00edho syst\u00e9mu si jasn\u011b definujte pot\u0159eby i mo\u017enosti.&nbsp;<\/p>\n\n\n\n<p>Samoz\u0159ejm\u011b, dra\u017e\u0161\u00ed a trvanliv\u011bj\u0161\u00ed syst\u00e9m je lep\u0161\u00ed \u2014 z\u00edsk\u00e1te v\u00edce energie i del\u0161\u00ed \u017eivotnost. Pokud je ale cena rozhoduj\u00edc\u00ed, zvolte rozpo\u010dtovou variantu, kter\u00e1 mo\u017en\u00e1 neum\u00ed v\u0161e, ale spln\u00ed \u00fakol.&nbsp;<\/p>\n\n\n\n<p>Rychl\u00fd p\u0159ehled faktor\u016f, kter\u00e9 se vyplat\u00ed zv\u00e1\u017eit p\u0159i hled\u00e1n\u00ed ide\u00e1ln\u00edho \u0159e\u0161en\u00ed:&nbsp;<\/p>\n\n\n\n<ul class=\"wp-block-list\">\n<li>\u00da\u010dinnost: Energetick\u00e1 \u00fa\u010dinnost panelu.\u00a0<\/li>\n\n\n\n<li>Plocha st\u0159echy: Dostupn\u00fd prostor pro instalaci.\u00a0<\/li>\n\n\n\n<li>Estetika: Jak bude za\u0159\u00edzen\u00ed vypadat na va\u0161\u00ed nemovitosti. Pozn.: dobr\u00fd vzhled m\u016f\u017ee zv\u00fd\u0161it hodnotu nemovitosti.\u00a0<\/li>\n\n\n\n<li>Teplotn\u00ed koeficient: Chov\u00e1n\u00ed za\u0159\u00edzen\u00ed v r\u016fzn\u00fdch teplot\u00e1ch.\u00a0<\/li>\n\n\n\n<li>Do\u017eivotn\u00ed z\u00e1ruka: D\u00e9lka z\u00e1ruky od v\u00fdrobce.\u00a0<\/li>\n\n\n\n<li>Rozpo\u010det: Celkov\u00e9 n\u00e1klady v\u010detn\u011b instalace a \u00fadr\u017eby.\u00a0<\/li>\n\n\n\n<li>O\u010dek\u00e1v\u00e1n\u00ed ROI: Rovnov\u00e1ha mezi n\u00e1klady a n\u00e1vratnost\u00ed.\u00a0<\/li>\n\n\n\n<li>V\u00fdroba energie: Mno\u017estv\u00ed vyroben\u00e9 energie.\u00a0<\/li>\n\n\n\n<li>\u017divotnost panelu: O\u010dek\u00e1van\u00e1 doba provozu.\u00a0<\/li>\n\n\n\n<li>Spolehlivost syst\u00e9mu: D\u016fv\u011bryhodnost v pr\u016fb\u011bhu cel\u00e9 \u017eivotnosti.\u00a0<\/li>\n<\/ul>\n\n\n\n<h2 id=\"shrnuti\" class=\"wp-block-heading\"><strong>Shrnut\u00ed<\/strong><\/h2>\n\n\n\n<figure class=\"wp-block-image size-full\"><img loading=\"lazy\" decoding=\"async\" width=\"1024\" height=\"724\" src=\"https:\/\/czech.canyon.eu\/blog\/wp-content\/uploads\/2025\/09\/invention-solar-panels-1024x724-1.png\" alt=\"Shrnut\u00ed\" class=\"wp-image-1808\" srcset=\"https:\/\/czech.canyon.eu\/blog\/wp-content\/uploads\/2025\/09\/invention-solar-panels-1024x724-1.png 1024w, https:\/\/czech.canyon.eu\/blog\/wp-content\/uploads\/2025\/09\/invention-solar-panels-1024x724-1-300x212.png 300w, https:\/\/czech.canyon.eu\/blog\/wp-content\/uploads\/2025\/09\/invention-solar-panels-1024x724-1-768x543.png 768w, https:\/\/czech.canyon.eu\/blog\/wp-content\/uploads\/2025\/09\/invention-solar-panels-1024x724-1-390x276.png 390w, https:\/\/czech.canyon.eu\/blog\/wp-content\/uploads\/2025\/09\/invention-solar-panels-1024x724-1-820x580.png 820w\" sizes=\"auto, (max-width: 1024px) 100vw, 1024px\" \/><\/figure>\n\n\n\n<p>Od d\u00e1vn\u00fdch oh\u0148\u016f zapalovan\u00fdch sluncem a\u017e po dne\u0161n\u00ed modern\u00ed syst\u00e9my \u2014 cesta sol\u00e1rn\u00ed energie je pozoruhodn\u00e1. Dne\u0161n\u00ed nab\u00eddka pokr\u00fdv\u00e1 r\u016fzn\u00e9 pot\u0159eby; v\u011b\u0159\u00edme, \u017ee n\u00e1\u0161 p\u0159ehled typ\u016f panel\u016f v\u00e1m pom\u016f\u017ee k vyv\u00e1\u017een\u00e9mu, informovan\u00e9mu rozhodnut\u00ed a k dlouhodob\u00e9 udr\u017eiteln\u00e9 energii pro v\u00e1\u0161 domov.\u00a0<\/p>\n\n\n\n<p><\/p>\n","protected":false},"excerpt":{"rendered":"Kdy\u017e si v roce 2024 p\u0159edstav\u00edme sol\u00e1rn\u00ed energii, napadnou n\u00e1s chytr\u00e9 syst\u00e9my, kter\u00e9 nap\u00e1j\u00ed \u0159adu dom\u00e1cnost\u00ed a dod\u00e1vaj\u00ed \u010distou energii d\u00edky sol\u00e1rn\u00edm panel\u016fm. Vyu\u017e\u00edv\u00e1n\u00ed slunce k provozu a ob\u017eiv\u011b v\u0161ak&hellip;\n","protected":false},"author":6,"featured_media":1809,"comment_status":"open","ping_status":"open","sticky":false,"template":"","format":"standard","meta":{"inline_featured_image":false,"footnotes":""},"categories":[334],"tags":[],"class_list":{"0":"post-1804","1":"post","2":"type-post","3":"status-publish","4":"format-standard","5":"has-post-thumbnail","7":"category-napajeci-zarizeni"},"yoast_head":"<!-- This site is optimized with the Yoast SEO plugin v21.3 - https:\/\/yoast.com\/wordpress\/plugins\/seo\/ -->\n<title>Vyn\u00e1lez sol\u00e1rn\u00edho panelu: historie sol\u00e1rn\u00ed energie &#8211; CANYON Blog<\/title>\n<meta name=\"description\" content=\"Kdy\u017e si v roce 2024 p\u0159edstav\u00edme sol\u00e1rn\u00ed energii, napadnou n\u00e1s chytr\u00e9 syst\u00e9my, kter\u00e9 nap\u00e1j\u00ed \u0159adu dom\u00e1cnost\u00ed a dod\u00e1vaj\u00ed \u010distou energii d\u00edky sol\u00e1rn\u00edm panel\u016fm.\" \/>\n<meta name=\"robots\" content=\"noindex, follow, max-snippet:-1, max-image-preview:large, max-video-preview:-1\" \/>\n<meta property=\"og:locale\" content=\"cs_CZ\" \/>\n<meta property=\"og:type\" content=\"article\" \/>\n<meta property=\"og:title\" content=\"Vyn\u00e1lez sol\u00e1rn\u00edho panelu: historie sol\u00e1rn\u00ed energie &#8211; CANYON Blog\" \/>\n<meta property=\"og:description\" content=\"Kdy\u017e si v roce 2024 p\u0159edstav\u00edme sol\u00e1rn\u00ed energii, napadnou n\u00e1s chytr\u00e9 syst\u00e9my, kter\u00e9 nap\u00e1j\u00ed \u0159adu dom\u00e1cnost\u00ed a dod\u00e1vaj\u00ed \u010distou energii d\u00edky sol\u00e1rn\u00edm panel\u016fm.\" \/>\n<meta property=\"og:url\" content=\"https:\/\/czech.canyon.eu\/blog\/invention-of-the-solar-panel-the-history-of-solar-energy\/\" \/>\n<meta property=\"og:site_name\" content=\"CANYON Blog\" \/>\n<meta property=\"article:published_time\" content=\"2025-09-10T12:34:33+00:00\" \/>\n<meta property=\"article:modified_time\" content=\"2025-09-10T12:34:36+00:00\" \/>\n<meta property=\"og:image\" content=\"https:\/\/czech.canyon.eu\/blog\/wp-content\/uploads\/2025\/09\/Invention-Of-The-Solar-Panel-The-History-Of-Solar-Energy.png\" \/>\n\t<meta property=\"og:image:width\" content=\"1180\" \/>\n\t<meta property=\"og:image:height\" content=\"835\" \/>\n\t<meta property=\"og:image:type\" content=\"image\/png\" \/>\n<meta name=\"author\" content=\"Tatiana Vankovich\" \/>\n<meta name=\"twitter:card\" content=\"summary_large_image\" \/>\n<meta name=\"twitter:label1\" content=\"Napsal(a)\" \/>\n\t<meta name=\"twitter:data1\" content=\"Tatiana Vankovich\" \/>\n\t<meta name=\"twitter:label2\" content=\"Odhadovan\u00e1 doba \u010dten\u00ed\" \/>\n\t<meta name=\"twitter:data2\" content=\"7 minut\" \/>\n<script type=\"application\/ld+json\" class=\"yoast-schema-graph\">{\"@context\":\"https:\/\/schema.org\",\"@graph\":[{\"@type\":\"Article\",\"@id\":\"https:\/\/czech.canyon.eu\/blog\/invention-of-the-solar-panel-the-history-of-solar-energy\/#article\",\"isPartOf\":{\"@id\":\"https:\/\/czech.canyon.eu\/blog\/invention-of-the-solar-panel-the-history-of-solar-energy\/\"},\"author\":{\"name\":\"Tatiana Vankovich\",\"@id\":\"https:\/\/czech.canyon.eu\/blog\/#\/schema\/person\/59af1387085cfa6eac49c9846eba7f39\"},\"headline\":\"Vyn\u00e1lez sol\u00e1rn\u00edho panelu: historie sol\u00e1rn\u00ed energie\",\"datePublished\":\"2025-09-10T12:34:33+00:00\",\"dateModified\":\"2025-09-10T12:34:36+00:00\",\"mainEntityOfPage\":{\"@id\":\"https:\/\/czech.canyon.eu\/blog\/invention-of-the-solar-panel-the-history-of-solar-energy\/\"},\"wordCount\":1506,\"commentCount\":0,\"publisher\":{\"@id\":\"https:\/\/czech.canyon.eu\/blog\/#organization\"},\"articleSection\":[\"Nap\u00e1jec\u00ed za\u0159\u00edzen\u00ed\"],\"inLanguage\":\"cs\",\"potentialAction\":[{\"@type\":\"CommentAction\",\"name\":\"Comment\",\"target\":[\"https:\/\/czech.canyon.eu\/blog\/invention-of-the-solar-panel-the-history-of-solar-energy\/#respond\"]}]},{\"@type\":\"WebPage\",\"@id\":\"https:\/\/czech.canyon.eu\/blog\/invention-of-the-solar-panel-the-history-of-solar-energy\/\",\"url\":\"https:\/\/czech.canyon.eu\/blog\/invention-of-the-solar-panel-the-history-of-solar-energy\/\",\"name\":\"Vyn\u00e1lez sol\u00e1rn\u00edho panelu: historie sol\u00e1rn\u00ed energie &#8211; CANYON Blog\",\"isPartOf\":{\"@id\":\"https:\/\/czech.canyon.eu\/blog\/#website\"},\"datePublished\":\"2025-09-10T12:34:33+00:00\",\"dateModified\":\"2025-09-10T12:34:36+00:00\",\"description\":\"Kdy\u017e si v roce 2024 p\u0159edstav\u00edme sol\u00e1rn\u00ed energii, napadnou n\u00e1s chytr\u00e9 syst\u00e9my, kter\u00e9 nap\u00e1j\u00ed \u0159adu dom\u00e1cnost\u00ed a dod\u00e1vaj\u00ed \u010distou energii d\u00edky sol\u00e1rn\u00edm panel\u016fm.\",\"breadcrumb\":{\"@id\":\"https:\/\/czech.canyon.eu\/blog\/invention-of-the-solar-panel-the-history-of-solar-energy\/#breadcrumb\"},\"inLanguage\":\"cs\",\"potentialAction\":[{\"@type\":\"ReadAction\",\"target\":[\"https:\/\/czech.canyon.eu\/blog\/invention-of-the-solar-panel-the-history-of-solar-energy\/\"]}]},{\"@type\":\"BreadcrumbList\",\"@id\":\"https:\/\/czech.canyon.eu\/blog\/invention-of-the-solar-panel-the-history-of-solar-energy\/#breadcrumb\",\"itemListElement\":[{\"@type\":\"ListItem\",\"position\":1,\"name\":\"Home\",\"item\":\"https:\/\/czech.canyon.eu\/blog\/\"},{\"@type\":\"ListItem\",\"position\":2,\"name\":\"Nap\u00e1jec\u00ed za\u0159\u00edzen\u00ed\",\"item\":\"https:\/\/czech.canyon.eu\/blog\/category\/napajeci-zarizeni\/\"},{\"@type\":\"ListItem\",\"position\":3,\"name\":\"Vyn\u00e1lez sol\u00e1rn\u00edho panelu: historie sol\u00e1rn\u00ed energie\"}]},{\"@type\":\"WebSite\",\"@id\":\"https:\/\/czech.canyon.eu\/blog\/#website\",\"url\":\"https:\/\/czech.canyon.eu\/blog\/\",\"name\":\"CANYON Blog\",\"description\":\"Mobile and Computer Accessories\",\"publisher\":{\"@id\":\"https:\/\/czech.canyon.eu\/blog\/#organization\"},\"potentialAction\":[{\"@type\":\"SearchAction\",\"target\":{\"@type\":\"EntryPoint\",\"urlTemplate\":\"https:\/\/czech.canyon.eu\/blog\/?s={search_term_string}\"},\"query-input\":\"required name=search_term_string\"}],\"inLanguage\":\"cs\"},{\"@type\":\"Organization\",\"@id\":\"https:\/\/czech.canyon.eu\/blog\/#organization\",\"name\":\"Canyon\",\"url\":\"https:\/\/czech.canyon.eu\/blog\/\",\"logo\":{\"@type\":\"ImageObject\",\"inLanguage\":\"cs\",\"@id\":\"https:\/\/czech.canyon.eu\/blog\/#\/schema\/logo\/image\/\",\"url\":\"https:\/\/canyon.eu\/blog\/wp-content\/uploads\/2023\/02\/111.png\",\"contentUrl\":\"https:\/\/canyon.eu\/blog\/wp-content\/uploads\/2023\/02\/111.png\",\"width\":214,\"height\":79,\"caption\":\"Canyon\"},\"image\":{\"@id\":\"https:\/\/czech.canyon.eu\/blog\/#\/schema\/logo\/image\/\"}},{\"@type\":\"Person\",\"@id\":\"https:\/\/czech.canyon.eu\/blog\/#\/schema\/person\/59af1387085cfa6eac49c9846eba7f39\",\"name\":\"Tatiana Vankovich\",\"image\":{\"@type\":\"ImageObject\",\"inLanguage\":\"cs\",\"@id\":\"https:\/\/czech.canyon.eu\/blog\/#\/schema\/person\/image\/\",\"url\":\"https:\/\/secure.gravatar.com\/avatar\/5141dc103cb72d654b83160b4b11f3d11282bc29e4fb5a574d83aa5d41cbef51?s=96&d=mm&r=g\",\"contentUrl\":\"https:\/\/secure.gravatar.com\/avatar\/5141dc103cb72d654b83160b4b11f3d11282bc29e4fb5a574d83aa5d41cbef51?s=96&d=mm&r=g\",\"caption\":\"Tatiana Vankovich\"},\"url\":\"https:\/\/czech.canyon.eu\/blog\/author\/tatiana\/\"}]}<\/script>\n<!-- \/ Yoast SEO plugin. -->","yoast_head_json":{"title":"Vyn\u00e1lez sol\u00e1rn\u00edho panelu: historie sol\u00e1rn\u00ed energie &#8211; CANYON Blog","description":"Kdy\u017e si v roce 2024 p\u0159edstav\u00edme sol\u00e1rn\u00ed energii, napadnou n\u00e1s chytr\u00e9 syst\u00e9my, kter\u00e9 nap\u00e1j\u00ed \u0159adu dom\u00e1cnost\u00ed a dod\u00e1vaj\u00ed \u010distou energii d\u00edky sol\u00e1rn\u00edm panel\u016fm.","robots":{"index":"noindex","follow":"follow","max-snippet":"max-snippet:-1","max-image-preview":"max-image-preview:large","max-video-preview":"max-video-preview:-1"},"og_locale":"cs_CZ","og_type":"article","og_title":"Vyn\u00e1lez sol\u00e1rn\u00edho panelu: historie sol\u00e1rn\u00ed energie &#8211; CANYON Blog","og_description":"Kdy\u017e si v roce 2024 p\u0159edstav\u00edme sol\u00e1rn\u00ed energii, napadnou n\u00e1s chytr\u00e9 syst\u00e9my, kter\u00e9 nap\u00e1j\u00ed \u0159adu dom\u00e1cnost\u00ed a dod\u00e1vaj\u00ed \u010distou energii d\u00edky sol\u00e1rn\u00edm panel\u016fm.","og_url":"https:\/\/czech.canyon.eu\/blog\/invention-of-the-solar-panel-the-history-of-solar-energy\/","og_site_name":"CANYON Blog","article_published_time":"2025-09-10T12:34:33+00:00","article_modified_time":"2025-09-10T12:34:36+00:00","og_image":[{"width":1180,"height":835,"url":"https:\/\/czech.canyon.eu\/blog\/wp-content\/uploads\/2025\/09\/Invention-Of-The-Solar-Panel-The-History-Of-Solar-Energy.png","type":"image\/png"}],"author":"Tatiana Vankovich","twitter_card":"summary_large_image","twitter_misc":{"Napsal(a)":"Tatiana Vankovich","Odhadovan\u00e1 doba \u010dten\u00ed":"7 minut"},"schema":{"@context":"https:\/\/schema.org","@graph":[{"@type":"Article","@id":"https:\/\/czech.canyon.eu\/blog\/invention-of-the-solar-panel-the-history-of-solar-energy\/#article","isPartOf":{"@id":"https:\/\/czech.canyon.eu\/blog\/invention-of-the-solar-panel-the-history-of-solar-energy\/"},"author":{"name":"Tatiana Vankovich","@id":"https:\/\/czech.canyon.eu\/blog\/#\/schema\/person\/59af1387085cfa6eac49c9846eba7f39"},"headline":"Vyn\u00e1lez sol\u00e1rn\u00edho panelu: historie sol\u00e1rn\u00ed energie","datePublished":"2025-09-10T12:34:33+00:00","dateModified":"2025-09-10T12:34:36+00:00","mainEntityOfPage":{"@id":"https:\/\/czech.canyon.eu\/blog\/invention-of-the-solar-panel-the-history-of-solar-energy\/"},"wordCount":1506,"commentCount":0,"publisher":{"@id":"https:\/\/czech.canyon.eu\/blog\/#organization"},"articleSection":["Nap\u00e1jec\u00ed za\u0159\u00edzen\u00ed"],"inLanguage":"cs","potentialAction":[{"@type":"CommentAction","name":"Comment","target":["https:\/\/czech.canyon.eu\/blog\/invention-of-the-solar-panel-the-history-of-solar-energy\/#respond"]}]},{"@type":"WebPage","@id":"https:\/\/czech.canyon.eu\/blog\/invention-of-the-solar-panel-the-history-of-solar-energy\/","url":"https:\/\/czech.canyon.eu\/blog\/invention-of-the-solar-panel-the-history-of-solar-energy\/","name":"Vyn\u00e1lez sol\u00e1rn\u00edho panelu: historie sol\u00e1rn\u00ed energie &#8211; CANYON Blog","isPartOf":{"@id":"https:\/\/czech.canyon.eu\/blog\/#website"},"datePublished":"2025-09-10T12:34:33+00:00","dateModified":"2025-09-10T12:34:36+00:00","description":"Kdy\u017e si v roce 2024 p\u0159edstav\u00edme sol\u00e1rn\u00ed energii, napadnou n\u00e1s chytr\u00e9 syst\u00e9my, kter\u00e9 nap\u00e1j\u00ed \u0159adu dom\u00e1cnost\u00ed a dod\u00e1vaj\u00ed \u010distou energii d\u00edky sol\u00e1rn\u00edm panel\u016fm.","breadcrumb":{"@id":"https:\/\/czech.canyon.eu\/blog\/invention-of-the-solar-panel-the-history-of-solar-energy\/#breadcrumb"},"inLanguage":"cs","potentialAction":[{"@type":"ReadAction","target":["https:\/\/czech.canyon.eu\/blog\/invention-of-the-solar-panel-the-history-of-solar-energy\/"]}]},{"@type":"BreadcrumbList","@id":"https:\/\/czech.canyon.eu\/blog\/invention-of-the-solar-panel-the-history-of-solar-energy\/#breadcrumb","itemListElement":[{"@type":"ListItem","position":1,"name":"Home","item":"https:\/\/czech.canyon.eu\/blog\/"},{"@type":"ListItem","position":2,"name":"Nap\u00e1jec\u00ed za\u0159\u00edzen\u00ed","item":"https:\/\/czech.canyon.eu\/blog\/category\/napajeci-zarizeni\/"},{"@type":"ListItem","position":3,"name":"Vyn\u00e1lez sol\u00e1rn\u00edho panelu: historie sol\u00e1rn\u00ed energie"}]},{"@type":"WebSite","@id":"https:\/\/czech.canyon.eu\/blog\/#website","url":"https:\/\/czech.canyon.eu\/blog\/","name":"CANYON Blog","description":"Mobile and Computer Accessories","publisher":{"@id":"https:\/\/czech.canyon.eu\/blog\/#organization"},"potentialAction":[{"@type":"SearchAction","target":{"@type":"EntryPoint","urlTemplate":"https:\/\/czech.canyon.eu\/blog\/?s={search_term_string}"},"query-input":"required name=search_term_string"}],"inLanguage":"cs"},{"@type":"Organization","@id":"https:\/\/czech.canyon.eu\/blog\/#organization","name":"Canyon","url":"https:\/\/czech.canyon.eu\/blog\/","logo":{"@type":"ImageObject","inLanguage":"cs","@id":"https:\/\/czech.canyon.eu\/blog\/#\/schema\/logo\/image\/","url":"https:\/\/canyon.eu\/blog\/wp-content\/uploads\/2023\/02\/111.png","contentUrl":"https:\/\/canyon.eu\/blog\/wp-content\/uploads\/2023\/02\/111.png","width":214,"height":79,"caption":"Canyon"},"image":{"@id":"https:\/\/czech.canyon.eu\/blog\/#\/schema\/logo\/image\/"}},{"@type":"Person","@id":"https:\/\/czech.canyon.eu\/blog\/#\/schema\/person\/59af1387085cfa6eac49c9846eba7f39","name":"Tatiana Vankovich","image":{"@type":"ImageObject","inLanguage":"cs","@id":"https:\/\/czech.canyon.eu\/blog\/#\/schema\/person\/image\/","url":"https:\/\/secure.gravatar.com\/avatar\/5141dc103cb72d654b83160b4b11f3d11282bc29e4fb5a574d83aa5d41cbef51?s=96&d=mm&r=g","contentUrl":"https:\/\/secure.gravatar.com\/avatar\/5141dc103cb72d654b83160b4b11f3d11282bc29e4fb5a574d83aa5d41cbef51?s=96&d=mm&r=g","caption":"Tatiana Vankovich"},"url":"https:\/\/czech.canyon.eu\/blog\/author\/tatiana\/"}]}},"_links":{"self":[{"href":"https:\/\/czech.canyon.eu\/blog\/wp-json\/wp\/v2\/posts\/1804","targetHints":{"allow":["GET"]}}],"collection":[{"href":"https:\/\/czech.canyon.eu\/blog\/wp-json\/wp\/v2\/posts"}],"about":[{"href":"https:\/\/czech.canyon.eu\/blog\/wp-json\/wp\/v2\/types\/post"}],"author":[{"embeddable":true,"href":"https:\/\/czech.canyon.eu\/blog\/wp-json\/wp\/v2\/users\/6"}],"replies":[{"embeddable":true,"href":"https:\/\/czech.canyon.eu\/blog\/wp-json\/wp\/v2\/comments?post=1804"}],"version-history":[{"count":1,"href":"https:\/\/czech.canyon.eu\/blog\/wp-json\/wp\/v2\/posts\/1804\/revisions"}],"predecessor-version":[{"id":1810,"href":"https:\/\/czech.canyon.eu\/blog\/wp-json\/wp\/v2\/posts\/1804\/revisions\/1810"}],"wp:featuredmedia":[{"embeddable":true,"href":"https:\/\/czech.canyon.eu\/blog\/wp-json\/wp\/v2\/media\/1809"}],"wp:attachment":[{"href":"https:\/\/czech.canyon.eu\/blog\/wp-json\/wp\/v2\/media?parent=1804"}],"wp:term":[{"taxonomy":"category","embeddable":true,"href":"https:\/\/czech.canyon.eu\/blog\/wp-json\/wp\/v2\/categories?post=1804"},{"taxonomy":"post_tag","embeddable":true,"href":"https:\/\/czech.canyon.eu\/blog\/wp-json\/wp\/v2\/tags?post=1804"}],"curies":[{"name":"wp","href":"https:\/\/api.w.org\/{rel}","templated":true}]}}